{"id":19597,"date":"2026-02-19T13:16:58","date_gmt":"2026-02-19T13:16:58","guid":{"rendered":"https:\/\/centam.ca\/?p=19597"},"modified":"2026-03-25T11:40:01","modified_gmt":"2026-03-25T11:40:01","slug":"la-deficience-intellectuelle-chez-ladulte-definition-soutien-et-ressources","status":"publish","type":"post","link":"https:\/\/centam.ca\/en\/la-deficience-intellectuelle-chez-ladulte-definition-soutien-et-ressources\/","title":{"rendered":"La d\u00e9ficience intellectuelle chez l\u2019adulte : d\u00e9finition, soutien et ressources"},"content":{"rendered":"<p><span style=\"font-weight: 400;\">La d\u00e9ficience intellectuelle chez l\u2019adulte soul\u00e8ve de nombreuses questions pour les personnes concern\u00e9es, leurs familles et les professionnels qui les accompagnent. Apr\u00e8s l\u2019enfance et l\u2019adolescence, les rep\u00e8res changent, les services \u00e9voluent et les attentes sociales augmentent. Comprendre ce qu\u2019implique la d\u00e9ficience intellectuelle \u00e0 l\u2019\u00e2ge adulte, conna\u00eetre les formes d\u2019accompagnement disponibles et identifier les ressources pertinentes permettent de mieux se situer et de prendre des d\u00e9cisions \u00e9clair\u00e9es.<\/span><\/p>\n<p><span style=\"font-weight: 400;\">Cet article propose un cadre clair et structur\u00e9 pour comprendre la d\u00e9ficience intellectuelle \u00e0 l\u2019\u00e2ge adulte, en abordant les crit\u00e8res reconnus, les manifestations sp\u00e9cifiques, les enjeux de la transition vers la vie adulte et les principaux services de soutien offerts au Qu\u00e9bec et au Canada.<\/span><\/p>\n<h2><span style=\"font-weight: 400;\">Qu\u2019est-ce que la d\u00e9ficience intellectuelle chez l\u2019adulte ?<\/span><\/h2>\n<p><span style=\"font-weight: 400;\">La d\u00e9ficience intellectuelle, parfois abr\u00e9g\u00e9e DI, est d\u00e9finie comme une condition neurod\u00e9veloppementale caract\u00e9ris\u00e9e par des limitations significatives du fonctionnement intellectuel et du comportement adaptatif. Cette d\u00e9finition repose sur des crit\u00e8res cliniques reconnus \u00e0 l\u2019\u00e9chelle internationale, notamment ceux du DSM-5.<\/span><\/p>\n<p><span style=\"font-weight: 400;\">Le fonctionnement intellectuel fait r\u00e9f\u00e9rence \u00e0 des capacit\u00e9s telles que le raisonnement, la planification, la r\u00e9solution de probl\u00e8mes, la pens\u00e9e abstraite, l\u2019apprentissage \u00e0 partir de l\u2019exp\u00e9rience et la m\u00e9moire. Le comportement adaptatif concerne, quant \u00e0 lui, la mani\u00e8re dont une personne r\u00e9pond aux exigences de la vie quotidienne dans son environnement social et culturel.<\/span><\/p>\n<p><span style=\"font-weight: 400;\">La d\u00e9ficience intellectuelle \u00e0 l\u2019\u00e2ge adulte se distingue par trois dimensions essentielles. La premi\u00e8re concerne les limitations du fonctionnement intellectuel mesur\u00e9es \u00e0 l\u2019aide d\u2019outils d\u2019\u00e9valuation standardis\u00e9s. La deuxi\u00e8me touche le comportement adaptatif, qui comprend les habilet\u00e9s conceptuelles, comme la communication et la gestion de l\u2019argent, les habilet\u00e9s sociales, comme les relations interpersonnelles et la responsabilit\u00e9 sociale, ainsi que les habilet\u00e9s pratiques li\u00e9es \u00e0 l\u2019autonomie au quotidien. La troisi\u00e8me dimension est l\u2019\u00e2ge d\u2019apparition, qui doit se situer avant l\u2019\u00e2ge de 18 ans.<\/span><\/p>\n<p><span style=\"font-weight: 400;\">Il est important de distinguer la d\u00e9ficience intellectuelle des conditions acquises \u00e0 l\u2019\u00e2ge adulte, comme un traumatisme cr\u00e2nien, un accident vasculaire c\u00e9r\u00e9bral ou une maladie neurod\u00e9g\u00e9n\u00e9rative. Ces situations peuvent entra\u00eener des difficult\u00e9s cognitives, mais elles ne rel\u00e8vent pas de <a href=\"https:\/\/centam.ca\/la-deficience-intellectuelle-guide-complet\/\">la d\u00e9ficience intellectuelle<\/a> au sens diagnostique, puisque l\u2019apparition survient apr\u00e8s la p\u00e9riode d\u00e9veloppementale.<\/span><\/p>\n<p><span style=\"font-weight: 400;\">La d\u00e9ficience intellectuelle n\u2019est pas une cat\u00e9gorie homog\u00e8ne. Elle s\u2019inscrit sur un spectre allant de l\u00e9ger \u00e0 profond, en passant par les formes mod\u00e9r\u00e9es et s\u00e9v\u00e8res. Cette classification permet de mieux comprendre l\u2019intensit\u00e9 des besoins de soutien, sans r\u00e9sumer la personne \u00e0 un niveau de fonctionnement.<\/span><\/p>\n<p><span style=\"font-weight: 400;\">\u00c0 l\u2019\u00e2ge adulte, la d\u00e9ficience intellectuelle peut sembler plus stable ou parfois moins visible qu\u2019\u00e0 l\u2019enfance. Les attentes sociales \u00e9voluent, l\u2019environnement est moins structur\u00e9 qu\u2019\u00e0 l\u2019\u00e9cole et les d\u00e9fis concernent davantage l\u2019autonomie, le travail, la gestion de la vie quotidienne et les relations sociales. Certaines personnes d\u00e9veloppent des strat\u00e9gies compensatoires efficaces, ce qui peut masquer certaines difficult\u00e9s tout en en r\u00e9v\u00e9lant d\u2019autres.<\/span><\/p>\n<p><span style=\"font-weight: 400;\">Au Canada, les estimations sugg\u00e8rent que la d\u00e9ficience intellectuelle touche environ 1 \u00e0 3 % de la population, incluant les adultes. Au Qu\u00e9bec, un nombre important d\u2019adultes vivent avec une d\u00e9ficience intellectuelle et utilisent, \u00e0 divers degr\u00e9s, des services de soutien et des ressources communautaires adapt\u00e9es \u00e0 leurs besoins.<\/span><\/p>\n<h3><span style=\"font-weight: 400;\">Crit\u00e8res diagnostiques et classification<\/span><\/h3>\n<p><span style=\"font-weight: 400;\">Les crit\u00e8res diagnostiques de la d\u00e9ficience intellectuelle reposent sur les lignes directrices du DSM-5. Le diagnostic s\u2019appuie sur deux volets principaux. Le premier concerne l\u2019\u00e9valuation du fonctionnement intellectuel \u00e0 l\u2019aide de tests standardis\u00e9s administr\u00e9s par des professionnels qualifi\u00e9s. Le second volet porte sur l\u2019\u00e9valuation du comportement adaptatif, r\u00e9alis\u00e9e \u00e0 partir d\u2019outils structur\u00e9s, d\u2019entrevues et d\u2019observations dans les contextes de vie r\u00e9els.<\/span><\/p>\n<p><span style=\"font-weight: 400;\">La classification en niveaux l\u00e9gers, mod\u00e9r\u00e9s, s\u00e9v\u00e8res ou profonds ne d\u00e9pend pas uniquement des scores cognitifs. Elle repose surtout sur le degr\u00e9 de soutien requis dans les sph\u00e8res conceptuelle, sociale et pratique. Cette approche permet de mieux orienter les services et d\u2019adapter l\u2019accompagnement aux besoins r\u00e9els de la personne.<\/span><\/p>\n<p><span style=\"font-weight: 400;\">Chez certaines personnes, la d\u00e9ficience intellectuelle est identifi\u00e9e durant l\u2019enfance. Dans d\u2019autres cas, notamment lorsque les limitations sont plus subtiles, le diagnostic peut \u00eatre pos\u00e9 \u00e0 l\u2019\u00e2ge adulte, souvent \u00e0 la suite de difficult\u00e9s persistantes dans les \u00e9tudes, l\u2019emploi ou l\u2019autonomie. L\u2019\u00e9valuation en contexte adulte vise alors \u00e0 documenter le profil cognitif et adaptatif actuel, tout en tenant compte du parcours d\u00e9veloppemental.<\/span><\/p>\n<h3><span style=\"font-weight: 400;\">Comment la d\u00e9ficience intellectuelle se manifeste chez l\u2019adulte<\/span><\/h3>\n<p><span style=\"font-weight: 400;\">Chez l\u2019adulte, les manifestations de la d\u00e9ficience intellectuelle varient consid\u00e9rablement d\u2019une personne \u00e0 l\u2019autre. Sur le plan cognitif, les difficult\u00e9s peuvent concerner la vitesse d\u2019apprentissage, la m\u00e9moire de travail, la compr\u00e9hension de concepts abstraits ou la r\u00e9solution de situations nouvelles. Les t\u00e2ches routini\u00e8res peuvent \u00eatre bien ma\u00eetris\u00e9es, tandis que les situations impr\u00e9vues posent davantage de d\u00e9fis.<\/span><\/p>\n<p><span style=\"font-weight: 400;\">Le comportement adaptatif est souvent au c\u0153ur des enjeux \u00e0 l\u2019\u00e2ge adulte. Certaines personnes rencontrent des difficult\u00e9s dans la gestion de l\u2019argent, l\u2019organisation du temps, l\u2019entretien du domicile ou la planification des d\u00e9placements. Les relations sociales, la compr\u00e9hension des normes implicites et la communication peuvent \u00e9galement repr\u00e9senter des sources de vuln\u00e9rabilit\u00e9.<\/span><\/p>\n<p><span style=\"font-weight: 400;\">De nombreuses personnes pr\u00e9sentent des conditions associ\u00e9es, telles que des troubles de sant\u00e9 mentale, des limitations sensorielles, des conditions m\u00e9dicales chroniques ou un trouble du spectre de l\u2019autisme. Ces r\u00e9alit\u00e9s influencent le fonctionnement global et doivent \u00eatre prises en compte dans l\u2019accompagnement.<\/span><\/p>\n<p><span style=\"font-weight: 400;\">Il est toutefois essentiel de reconna\u00eetre les forces et les capacit\u00e9s des adultes ayant une d\u00e9ficience intellectuelle. Plusieurs d\u00e9montrent une grande pers\u00e9v\u00e9rance, des comp\u00e9tences pratiques solides, une loyaut\u00e9 professionnelle et une capacit\u00e9 \u00e0 s\u2019int\u00e9grer activement dans leur communaut\u00e9 lorsque l\u2019environnement est adapt\u00e9.<\/span><\/p>\n<h2><span style=\"font-weight: 400;\">Transition et diff\u00e9rences entre la vie d\u2019enfant et la vie adulte<\/span><\/h2>\n<p><span style=\"font-weight: 400;\">La transition vers la vie adulte constitue une p\u00e9riode charni\u00e8re pour les personnes ayant une d\u00e9ficience intellectuelle et leurs familles. Cette \u00e9tape implique un changement profond des attentes sociales, des cadres l\u00e9gaux et des syst\u00e8mes de services. Les soutiens offerts en milieu scolaire laissent place \u00e0 des services pour adultes, souvent plus fragment\u00e9s et moins centralis\u00e9s.<\/span><\/p>\n<p><span style=\"font-weight: 400;\">Cette transition touche \u00e9galement l\u2019identit\u00e9 de la personne. L\u2019entr\u00e9e dans l\u2019\u00e2ge adulte am\u00e8ne des questions li\u00e9es \u00e0 l\u2019autonomie, aux choix de vie, \u00e0 l\u2019emploi et \u00e0 la participation sociale. Sur le plan l\u00e9gal, des changements surviennent en mati\u00e8re de consentement, de responsabilit\u00e9 et de prise de d\u00e9cision.<\/span><\/p>\n<p><span style=\"font-weight: 400;\">Id\u00e9alement, la pr\u00e9paration \u00e0 cette transition d\u00e9bute bien avant l\u2019\u00e2ge de 18 ans. Les ann\u00e9es de l\u2019adolescence permettent d\u2019explorer les options, de d\u00e9velopper des comp\u00e9tences et d\u2019anticiper les besoins futurs. Les moments cl\u00e9s incluent la fin de la scolarit\u00e9, l\u2019acc\u00e8s aux services pour adultes, les d\u00e9cisions r\u00e9sidentielles et les premi\u00e8res exp\u00e9riences de travail ou de b\u00e9n\u00e9volat.<\/span><\/p>\n<p><span style=\"font-weight: 400;\">De nombreuses familles d\u00e9crivent un sentiment de d\u00e9sorientation \u00e0 cette \u00e9tape, en raison du d\u00e9calage entre les services jeunesse et les services pour adultes. La planification de la transition, lorsqu\u2019elle est int\u00e9gr\u00e9e au plan d\u2019intervention scolaire, permet de r\u00e9duire cette rupture et de soutenir une continuit\u00e9 des services.<\/span><\/p>\n<h3><span style=\"font-weight: 400;\">Pr\u00e9paration \u00e0 la transition vers l\u2019\u00e2ge adulte<\/span><\/h3>\n<p><span style=\"font-weight: 400;\">La pr\u00e9paration \u00e0 la transition vers la vie adulte gagne \u00e0 commencer d\u00e8s le milieu de l\u2019adolescence, souvent entre 14 et 16 ans. Il s\u2019agit d\u2019un processus graduel qui vise \u00e0 renforcer les comp\u00e9tences n\u00e9cessaires \u00e0 la vie adulte, tout en respectant le rythme et les capacit\u00e9s de la personne.<\/span><\/p>\n<p><span style=\"font-weight: 400;\">Les priorit\u00e9s incluent le d\u00e9veloppement des habilet\u00e9s de vie quotidienne, des comp\u00e9tences sociales, de la pr\u00e9paration au travail et de l\u2019autorepr\u00e9sentation. Impliquer activement la personne dans les discussions favorise l\u2019autonomie et le sentiment de contr\u00f4le sur son propre parcours.<\/span><\/p>\n<p><span style=\"font-weight: 400;\">La collaboration entre l\u2019\u00e9cole, la famille et les services post-scolaires est essentielle pour assurer une transition coh\u00e9rente. Identifier les \u00e9carts de services avant la fin de la scolarit\u00e9 permet de mettre en place des strat\u00e9gies adapt\u00e9es et d\u2019\u00e9viter des p\u00e9riodes sans soutien.<\/span><\/p>\n<h3><span style=\"font-weight: 400;\">Services pour adultes et services jeunesse : ce qui change<\/span><\/h3>\n<p><span style=\"font-weight: 400;\">Les services pour adultes sont g\u00e9n\u00e9ralement organis\u00e9s diff\u00e9remment de ceux destin\u00e9s aux enfants et aux adolescents. Au Qu\u00e9bec, ils rel\u00e8vent notamment des CIUSSS, des centres de r\u00e9adaptation et des organismes communautaires. Les crit\u00e8res d\u2019admissibilit\u00e9 et les d\u00e9marches administratives peuvent varier d\u2019un organisme \u00e0 l\u2019autre.<\/span><\/p>\n<p><span style=\"font-weight: 400;\">L\u2019accent passe d\u2019un cadre \u00e9ducatif structur\u00e9 \u00e0 une approche davantage ax\u00e9e sur la r\u00e9adaptation, le d\u00e9veloppement des habilet\u00e9s et la participation sociale. Le r\u00f4le des parents \u00e9volue \u00e9galement, passant souvent de celui de principal intervenant \u00e0 celui de partenaire ou de soutien.<\/span><\/p>\n<p><span style=\"font-weight: 400;\">Comprendre ces changements et se familiariser avec les proc\u00e9dures administratives facilitent l\u2019acc\u00e8s aux services et r\u00e9duisent le stress associ\u00e9 \u00e0 la transition.<\/span><\/p>\n<h2><span style=\"font-weight: 400;\">Accompagnement et services de soutien pour adultes<\/span><\/h2>\n<p><span style=\"font-weight: 400;\">L\u2019accompagnement des adultes ayant une d\u00e9ficience intellectuelle repose sur un continuum de services visant \u00e0 soutenir l\u2019autonomie, la participation sociale et la qualit\u00e9 de vie. Ces services peuvent inclure l\u2019\u00e9valuation, la planification des interventions, la mise en \u0153uvre de soutiens adapt\u00e9s et le suivi dans le temps.<\/span><\/p>\n<p><span style=\"font-weight: 400;\">Une approche centr\u00e9e sur la personne est privil\u00e9gi\u00e9e, tenant compte des forces, des besoins et des objectifs individuels. Le principe fondamental est de favoriser la participation active dans la communaut\u00e9, en ajustant l\u2019environnement plut\u00f4t qu\u2019en limitant les possibilit\u00e9s.<\/span><\/p>\n<p><span style=\"font-weight: 400;\">Les services de soutien et les ressources pour la d\u00e9ficience intellectuelle \u00e0 l\u2019\u00e2ge adulte se regroupent g\u00e9n\u00e9ralement en plusieurs grandes cat\u00e9gories, incluant la r\u00e9adaptation, le soutien \u00e0 domicile, l\u2019int\u00e9gration communautaire et les services socioprofessionnels.<\/span><\/p>\n<h3><span style=\"font-weight: 400;\">Services de r\u00e9adaptation et programmes d\u2019intervention<\/span><\/h3>\n<p><span style=\"font-weight: 400;\">Les centres de r\u00e9adaptation offrent des services sp\u00e9cialis\u00e9s aux adultes ayant une d\u00e9ficience intellectuelle. Leur mandat consiste \u00e0 soutenir le d\u00e9veloppement, le maintien et l\u2019actualisation des comp\u00e9tences fonctionnelles.<\/span><\/p>\n<p><span style=\"font-weight: 400;\">Les interventions sont g\u00e9n\u00e9ralement planifi\u00e9es \u00e0 partir d\u2019un plan individualis\u00e9, \u00e9labor\u00e9 en collaboration avec la personne et ses proches. Elles peuvent se d\u00e9rouler dans divers milieux, comme les programmes de jour, le domicile ou la communaut\u00e9.<\/span><\/p>\n<p><span style=\"font-weight: 400;\">Les objectifs visent le d\u00e9veloppement des habilet\u00e9s, l\u2019adaptation aux changements et le maintien des acquis. La dur\u00e9e et l\u2019intensit\u00e9 des services varient selon les besoins et les ressources disponibles.<\/span><\/p>\n<h3><span style=\"font-weight: 400;\">Soutien \u00e0 domicile et int\u00e9gration communautaire<\/span><\/h3>\n<p><span style=\"font-weight: 400;\">Le soutien \u00e0 domicile peut inclure des visites d\u2019intervenants sp\u00e9cialis\u00e9s, de l\u2019accompagnement dans les activit\u00e9s quotidiennes et des ajustements de l\u2019environnement. Ces services visent \u00e0 favoriser la vie dans le milieu le plus naturel possible.<\/span><\/p>\n<p><span style=\"font-weight: 400;\">L\u2019int\u00e9gration communautaire passe par la participation \u00e0 des activit\u00e9s de loisir, de b\u00e9n\u00e9volat et de vie sociale. Selon les besoins, des options de vie autonome avec soutien ou des milieux r\u00e9sidentiels plus encadr\u00e9s peuvent \u00eatre envisag\u00e9s.<\/span><\/p>\n<p><span style=\"font-weight: 400;\">L\u2019accessibilit\u00e9, qu\u2019elle soit physique, communicationnelle ou environnementale, joue un r\u00f4le cl\u00e9 dans la r\u00e9ussite de cette int\u00e9gration. Les familles et les r\u00e9seaux naturels demeurent des partenaires importants aux c\u00f4t\u00e9s des services professionnels.<\/span><\/p>\n<h3><span style=\"font-weight: 400;\">Services socioprofessionnels et int\u00e9gration au travail<\/span><\/h3>\n<p><span style=\"font-weight: 400;\">Les services socioprofessionnels visent \u00e0 soutenir l\u2019acc\u00e8s au travail ou \u00e0 des activit\u00e9s occupationnelles significatives. Une \u00e9valuation des int\u00e9r\u00eats, des capacit\u00e9s et du potentiel de travail constitue souvent la premi\u00e8re \u00e9tape.<\/span><\/p>\n<p><span style=\"font-weight: 400;\">Diff\u00e9rents mod\u00e8les existent, allant de l\u2019emploi accompagn\u00e9 en milieu r\u00e9gulier aux ateliers prot\u00e9g\u00e9s. L\u2019accompagnement peut inclure du coaching, de la formation en milieu de travail et un soutien continu.<\/span><\/p>\n<p><span style=\"font-weight: 400;\">Des mesures financi\u00e8res et des programmes de soutien peuvent faciliter l\u2019int\u00e9gration professionnelle. Les obstacles, tels que les pr\u00e9jug\u00e9s ou le manque d\u2019adaptation des milieux, peuvent \u00eatre att\u00e9nu\u00e9s par une pr\u00e9paration ad\u00e9quate et une collaboration entre les acteurs concern\u00e9s.<\/span><\/p>\n<h2><span style=\"font-weight: 400;\">Comment La Centam accompagne les adultes ayant une d\u00e9ficience intellectuelle<\/span><\/h2>\n<p><span style=\"font-weight: 400;\">La Centam accompagne les adultes pr\u00e9sentant une <\/span><b>d\u00e9ficience intellectuelle<\/b><span style=\"font-weight: 400;\"> dans une perspective d\u2019\u00e9valuation, de compr\u00e9hension et de documentation du fonctionnement cognitif et adaptatif. Son r\u00f4le consiste \u00e0 offrir une analyse rigoureuse permettant de clarifier le profil de la personne, ses forces fonctionnelles et les zones de vuln\u00e9rabilit\u00e9 pouvant influencer l\u2019autonomie, la participation sociale ou l\u2019int\u00e9gration au travail.<\/span><\/p>\n<p>L\u2019\u00e9valuation neuropsychologique r\u00e9alis\u00e9e \u00e0 La Centam vise \u00e0 documenter le fonctionnement intellectuel, le comportement adaptatif et les besoins de soutien dans les diff\u00e9rents contextes de vie. Cette d\u00e9marche contribue \u00e0 une meilleure compr\u00e9hension du diagnostic de d\u00e9ficience intellectuelle \u00e0 l\u2019\u00e2ge adulte, qu\u2019il ait \u00e9t\u00e9 pos\u00e9 durant l\u2019enfance ou identifi\u00e9 plus tardivement, et permet d\u2019appuyer les d\u00e9marches administratives, scolaires, professionnelles ou l\u00e9gales.<\/p>\n<p>\u00c0 partir des r\u00e9sultats d\u2019\u00e9valuation, La Centam fournit une synth\u00e8se structur\u00e9e des constats cliniques ainsi que des recommandations g\u00e9n\u00e9rales. Celles-ci sont orient\u00e9es vers l\u2019identification de ressources, de services de soutien li\u00e9s \u00e0 la d\u00e9ficience intellectuelle et de pistes d\u2019accompagnement en d\u00e9ficience intellectuelle et de ressources adapt\u00e9es au profil de la personne. Les recommandations propos\u00e9es respectent l\u2019autonomie, les objectifs personnels et le rythme de l\u2019adulte \u00e9valu\u00e9.<\/p>\n<p>La d\u00e9marche repose sur une collaboration \u00e9troite avec l\u2019entourage. Les familles et les proches sont int\u00e9gr\u00e9s au processus afin de mieux comprendre les enjeux, de faciliter l\u2019interpr\u00e9tation des r\u00e9sultats et de soutenir les prises de d\u00e9cision futures. Cette approche favorise une continuit\u00e9 entre l\u2019\u00e9valuation, la navigation des ressources et la transition vers la vie adulte en contexte de d\u00e9ficience intellectuelle, notamment en ce qui concerne l\u2019acc\u00e8s aux services pour adultes.<\/p>\n<p><span style=\"font-weight: 400;\">Par son expertise fond\u00e9e sur des pratiques reconnues et des outils standardis\u00e9s, La Centam agit comme partenaire de r\u00e9f\u00e9rence pour les adultes, les familles et les professionnels souhaitant disposer d\u2019une documentation claire et cr\u00e9dible afin de mieux orienter l\u2019accompagnement, l\u2019acc\u00e8s aux ressources et la planification \u00e0 long terme.<\/span><\/p>\n<p><span style=\"font-weight: 400;\">Une <\/span><a href=\"https:\/\/centam.ca\/services\/evaluation-neuropsychologique\/\"><b>\u00e9valuation neuropsychologique<\/b><\/a> chez l\u2019adulte<span style=\"font-weight: 400;\"> permet de documenter le fonctionnement cognitif et adaptatif afin de mieux orienter les d\u00e9marches administratives et les ressources disponibles.<\/span><\/p>\n<h2><span style=\"font-weight: 400;\">Ressources financi\u00e8res et aide pour les familles<\/span><\/h2>\n<p>Les ressources financi\u00e8res associ\u00e9es \u00e0 la d\u00e9ficience intellectuelle adulte sont nombreuses, mais souvent complexes \u00e0 identifier et \u00e0 mobiliser. Les familles et les adultes concern\u00e9s doivent composer avec des programmes provenant de diff\u00e9rents paliers gouvernementaux et d\u2019organismes communautaires, chacun ayant ses propres crit\u00e8res et d\u00e9marches.<\/p>\n<p><span style=\"font-weight: 400;\">Au Canada et au Qu\u00e9bec, les aides financi\u00e8res peuvent provenir de sources f\u00e9d\u00e9rales, provinciales, municipales ou du milieu communautaire. Elles visent \u00e0 soutenir les co\u00fbts li\u00e9s au soutien \u00e0 domicile, \u00e0 la participation sociale, aux besoins particuliers ou \u00e0 la planification \u00e0 long terme. Malgr\u00e9 leur importance, plusieurs familles ignorent l\u2019existence de ces mesures ou rencontrent des difficult\u00e9s dans leurs d\u00e9marches.<\/span><\/p>\n<p>La documentation issue d\u2019une \u00e9valuation neuropsychologique peut jouer un r\u00f4le central dans l\u2019acc\u00e8s aux ressources pour les familles en contexte de d\u00e9ficience intellectuelle. Elle permet de justifier les besoins, de soutenir les demandes et de faciliter les \u00e9changes avec les instances administratives.<\/p>\n<h3><span style=\"font-weight: 400;\">Allocations provinciales, cr\u00e9dits d\u2019imp\u00f4t et aide gouvernementale<\/span><\/h3>\n<p><span style=\"font-weight: 400;\">Plusieurs programmes gouvernementaux reconnaissent les besoins sp\u00e9cifiques des adultes ayant une d\u00e9ficience intellectuelle et de leurs proches. Au Qu\u00e9bec, certaines allocations et mesures de soutien visent notamment le r\u00e9pit, l\u2019aide \u00e0 domicile et l\u2019accompagnement dans les activit\u00e9s quotidiennes.<\/span><\/p>\n<p>Les cr\u00e9dits d\u2019imp\u00f4t f\u00e9d\u00e9raux et provinciaux destin\u00e9s aux personnes handicap\u00e9es ou aux personnes \u00e0 charge peuvent contribuer \u00e0 r\u00e9duire la charge financi\u00e8re des familles. D\u2019autres mesures, comme certains programmes d\u2019\u00e9pargne adapt\u00e9s, permettent une planification financi\u00e8re \u00e0 plus long terme pour les adultes ayant une d\u00e9ficience intellectuelle.<\/p>\n<p><span style=\"font-weight: 400;\">L\u2019acc\u00e8s \u00e0 ces programmes n\u00e9cessite souvent une d\u00e9monstration claire des limitations fonctionnelles et des besoins de soutien. Les d\u00e9marches administratives peuvent \u00eatre complexes, et des difficult\u00e9s surviennent fr\u00e9quemment en lien avec les d\u00e9lais, la documentation requise ou la compr\u00e9hension des crit\u00e8res d\u2019admissibilit\u00e9.<\/span><\/p>\n<h3><span style=\"font-weight: 400;\">Soutien financier des organismes et fondations<\/span><\/h3>\n<p><span style=\"font-weight: 400;\">En compl\u00e9ment des programmes gouvernementaux, plusieurs organismes \u00e0 but non lucratif et fondations offrent des aides financi\u00e8res ponctuelles ou r\u00e9currentes. Ces soutiens peuvent concerner l\u2019achat d\u2019\u00e9quipement sp\u00e9cialis\u00e9, l\u2019acc\u00e8s \u00e0 des activit\u00e9s communautaires, le r\u00e9pit ou des besoins urgents.<\/span><\/p>\n<p>Certaines fondations ciblent sp\u00e9cifiquement des p\u00e9riodes de transition, notamment la transition vers la vie adulte en d\u00e9ficience intellectuelle, ou des situations de vuln\u00e9rabilit\u00e9 accrue. L\u2019identification de ces ressources repose souvent sur des r\u00e9pertoires sp\u00e9cialis\u00e9s et une veille r\u00e9guli\u00e8re des programmes disponibles.<\/p>\n<h3><span style=\"font-weight: 400;\">Planification financi\u00e8re et arrangements \u00e0 long terme<\/span><\/h3>\n<p><span style=\"font-weight: 400;\">La planification financi\u00e8re \u00e0 long terme constitue un enjeu majeur pour les familles d\u2019adultes ayant une d\u00e9ficience intellectuelle. Elle implique de r\u00e9fl\u00e9chir \u00e0 la p\u00e9riode o\u00f9 les parents ou proches aidants ne pourront plus assurer le m\u00eame niveau de soutien.<\/span><\/p>\n<p><span style=\"font-weight: 400;\">Les outils de planification peuvent inclure des fiducies, des testaments adapt\u00e9s et des strat\u00e9gies visant \u00e0 pr\u00e9server l\u2019admissibilit\u00e9 aux programmes gouvernementaux. Les arrangements l\u00e9gaux, tels que les mesures de protection ou les mandats, doivent \u00eatre envisag\u00e9s avec prudence et dans le respect des droits de la personne.<\/span><\/p>\n<p><span style=\"font-weight: 400;\">L\u2019accompagnement de professionnels du droit et de la finance, en collaboration avec une documentation clinique \u00e0 jour issue d\u2019une \u00e9valuation neuropsychologique, permet de structurer ces d\u00e9marches de mani\u00e8re coh\u00e9rente et s\u00e9curitaire.<\/span><\/p>\n<h2><span style=\"font-weight: 400;\">Qualit\u00e9 de vie, sant\u00e9 mentale et autod\u00e9termination<\/span><\/h2>\n<p>La d\u00e9ficience intellectuelle chez l\u2019adulte ne se limite pas aux enjeux de services ou de soutien fonctionnel. La qualit\u00e9 de vie, la sant\u00e9 mentale et l\u2019autod\u00e9termination occupent une place centrale dans le bien-\u00eatre global des personnes concern\u00e9es.<\/p>\n<p><span style=\"font-weight: 400;\">Les adultes ayant une d\u00e9ficience intellectuelle pr\u00e9sentent un risque accru de difficult\u00e9s en sant\u00e9 mentale, telles que l\u2019anxi\u00e9t\u00e9 ou la d\u00e9pression. Ces enjeux peuvent \u00eatre sous-reconnus, notamment lorsque certaines manifestations \u00e9motionnelles sont attribu\u00e9es uniquement aux limitations cognitives. Une compr\u00e9hension fine du profil de la personne permet de mieux distinguer ces r\u00e9alit\u00e9s.<\/span><\/p>\n<p><span style=\"font-weight: 400;\">L\u2019autod\u00e9termination renvoie au droit et \u00e0 la capacit\u00e9 de faire des choix, d\u2019exprimer ses pr\u00e9f\u00e9rences et de participer aux d\u00e9cisions concernant sa propre vie. M\u00eame en pr\u00e9sence de besoins de soutien, il demeure essentiel de favoriser la participation active de la personne aux d\u00e9cisions li\u00e9es au logement, au travail, aux loisirs et aux relations.<\/span><\/p>\n<p><span style=\"font-weight: 400;\">La participation sociale va au-del\u00e0 de l\u2019occupation du temps. Elle implique l\u2019inclusion dans la communaut\u00e9, l\u2019acc\u00e8s \u00e0 des activit\u00e9s significatives et la reconnaissance de r\u00f4les sociaux valoris\u00e9s. Les relations affectives, la vie intime et l\u2019identit\u00e9 adulte font \u00e9galement partie int\u00e9grante de cette r\u00e9alit\u00e9, bien qu\u2019elles soient parfois peu abord\u00e9es.<\/span><\/p>\n<p><span style=\"font-weight: 400;\">Le d\u00e9veloppement de comp\u00e9tences d\u2019autorepr\u00e9sentation et de communication des besoins contribue \u00e0 renforcer l\u2019autonomie. Une approche ax\u00e9e sur les forces permet de mettre en lumi\u00e8re les capacit\u00e9s, les int\u00e9r\u00eats et les r\u00e9ussites, sans se limiter aux difficult\u00e9s.<\/span><\/p>\n<p><span style=\"font-weight: 400;\">Dans cette perspective, l\u2019\u00e9valuation neuropsychologique et la documentation associ\u00e9e constituent des outils essentiels pour soutenir une vision globale, respectueuse et r\u00e9aliste de la personne, en coh\u00e9rence avec ses aspirations et son parcours de vie.<\/span><\/p>\n<p><span style=\"font-weight: 400;\">Pour mieux comprendre les diff\u00e9rences entre certains profils, la page sur la <\/span><a href=\"https:\/\/centam.ca\/services\/evaluation-de-la-deficience-intellectuelle\/\"><b>d\u00e9ficience intellectuelle<\/b><\/a><b> et le <\/b><a href=\"https:\/\/centam.ca\/services\/evaluation-du-trouble-du-spectre-de-lautisme\/\"><b>trouble du spectre de l\u2019autisme<\/b><\/a><span style=\"font-weight: 400;\"> apporte un \u00e9clairage compl\u00e9mentaire sur les enjeux abord\u00e9s dans ce blogue.<\/span><\/p>\n<h2><span style=\"font-weight: 400;\">Planification de la transition : de l\u2019adolescence \u00e0 l\u2019ind\u00e9pendance adulte<\/span><\/h2>\n<p>La transition vers la vie adulte chez les personnes ayant une d\u00e9ficience intellectuelle adulte repr\u00e9sente l\u2019une des p\u00e9riodes les plus d\u00e9terminantes et exigeantes pour les personnes concern\u00e9es et leurs familles. Entre 14 et 24 ans, les rep\u00e8res \u00e9voluent progressivement, les attentes sociales augmentent et les syst\u00e8mes de services se transforment. Sans planification structur\u00e9e, cette \u00e9tape peut entra\u00eener un sentiment d\u2019urgence, de discontinuit\u00e9 et d\u2019incertitude.<\/p>\n<p>Une transition r\u00e9ussie repose sur une pr\u00e9paration graduelle, amorc\u00e9e bien avant la fin de la scolarit\u00e9 obligatoire. Elle vise \u00e0 soutenir le d\u00e9veloppement des comp\u00e9tences, \u00e0 anticiper les d\u00e9cisions cl\u00e9s et \u00e0 assurer une continuit\u00e9 entre les services jeunesse et les services destin\u00e9s \u00e0 la d\u00e9ficience intellectuelle adulte. L\u2019objectif n\u2019est pas une ind\u00e9pendance uniforme, mais une participation sociale coh\u00e9rente avec le profil cognitif, les capacit\u00e9s adaptatives et les aspirations de la personne.<\/p>\n<p>La planification permet \u00e9galement de r\u00e9duire les ruptures de services, d\u2019optimiser l\u2019acc\u00e8s \u00e0 l\u2019accompagnement en d\u00e9ficience intellectuelle et aux ressources disponibles, et de clarifier le r\u00f4le de chacun, incluant celui de la famille, qui \u00e9volue au fil du temps.<\/p>\n<h3><span style=\"font-weight: 400;\">\u00c9tapes cl\u00e9s et points de d\u00e9cision (14 \u00e0 18 ans)<\/span><\/h3>\n<p>Entre 14 et 18 ans, la transition vers la vie adulte et la d\u00e9ficience intellectuelle commence par l\u2019ouverture de discussions structur\u00e9es autour des projets futurs. Cette p\u00e9riode est propice \u00e0 l\u2019\u00e9valuation des comp\u00e9tences li\u00e9es \u00e0 l\u2019autonomie, \u00e0 la vie communautaire et \u00e0 la pr\u00e9paration au travail.<\/p>\n<p>Les milieux scolaires jouent un r\u00f4le central \u00e0 cette \u00e9tape, notamment par l\u2019int\u00e9gration d\u2019objectifs de transition au plan d\u2019intervention. L\u2019exploration des options post-scolaires d\u00e9bute, qu\u2019il s\u2019agisse d\u2019un emploi avec soutien, de formations professionnelles, de programmes socioprofessionnels ou de services de soutien en d\u00e9ficience intellectuelle.<\/p>\n<p><span style=\"font-weight: 400;\">Les premi\u00e8res r\u00e9flexions concernant le milieu de vie adulte \u00e9mergent \u00e9galement. Certaines familles envisagent le maintien au domicile familial, tandis que d\u2019autres explorent des options telles que la vie autonome avec soutien, les familles d\u2019accueil ou les ressources r\u00e9sidentielles. Ces discussions permettent d\u2019identifier les pr\u00e9f\u00e9rences et les comp\u00e9tences \u00e0 d\u00e9velopper afin de soutenir ces choix \u00e0 long terme.<\/span><\/p>\n<h3><span style=\"font-weight: 400;\">Passage \u00e0 l\u2019\u00e2ge adulte (18 \u00e0 21 ans)<\/span><\/h3>\n<p>Entre 18 et 21 ans, la personne est l\u00e9galement reconnue comme adulte, m\u00eame si elle peut demeurer inscrite dans le syst\u00e8me scolaire. Cette p\u00e9riode est marqu\u00e9e par des d\u00e9cisions concr\u00e8tes li\u00e9es \u00e0 la sortie de l\u2019\u00e9cole et \u00e0 l\u2019entr\u00e9e dans les services de soutien pour la d\u00e9ficience intellectuelle adulte.<\/p>\n<p><span style=\"font-weight: 400;\">Les transitions \u00e9cole-travail ou \u00e9cole-programme de jour n\u00e9cessitent une coordination \u00e9troite entre les milieux. Les d\u00e9marches d\u2019admission aux services pour adultes, incluant les centres de r\u00e9adaptation et les organismes communautaires, doivent \u00eatre amorc\u00e9es suffisamment t\u00f4t afin d\u2019\u00e9viter des p\u00e9riodes sans soutien.<\/span><\/p>\n<p>Sur le plan l\u00e9gal, certaines familles \u00e9valuent la pertinence de mesures de protection ou d\u2019accompagnement \u00e0 la prise de d\u00e9cision. Ces r\u00e9flexions doivent s\u2019appuyer sur une compr\u00e9hension rigoureuse du fonctionnement de la personne, parfois document\u00e9e dans le cadre d\u2019un diagnostic de d\u00e9ficience intellectuelle pos\u00e9 \u00e0 l\u2019\u00e2ge adulte ou confirm\u00e9 \u00e0 cette \u00e9tape.<\/p>\n<p><span style=\"font-weight: 400;\">Le maintien et le d\u00e9veloppement des apprentissages demeurent essentiels. M\u00eame apr\u00e8s la fin de la scolarit\u00e9, les habilet\u00e9s adaptatives, sociales et professionnelles continuent d\u2019\u00e9voluer et n\u00e9cessitent un environnement structur\u00e9 et coh\u00e9rent.<\/span><\/p>\n<h3><span style=\"font-weight: 400;\">Au-del\u00e0 de 21 ans : consolidation et participation<\/span><\/h3>\n<p>Apr\u00e8s 21 ans, l\u2019enjeu principal devient la consolidation du parcours adulte. Les services de soutien en d\u00e9ficience intellectuelle peuvent \u00eatre ajust\u00e9s en fonction de l\u2019\u00e9volution des besoins, des int\u00e9r\u00eats et du niveau de participation sociale atteint.<\/p>\n<p><span style=\"font-weight: 400;\">Certaines personnes approfondissent leur int\u00e9gration au travail ou dans des programmes occupationnels, tandis que d\u2019autres \u00e9largissent leur r\u00e9seau social et leur implication communautaire. Les choix r\u00e9sidentiels peuvent \u00e9galement \u00eatre r\u00e9\u00e9valu\u00e9s afin d\u2019assurer une stabilit\u00e9 et une s\u00e9curit\u00e9 \u00e0 long terme.<\/span><\/p>\n<p>Le r\u00f4le de la famille \u00e9volue vers une fonction de soutien, de coordination et de valorisation des r\u00e9ussites. Cette phase met l\u2019accent sur la continuit\u00e9 des ressources, l\u2019adaptation des services et le respect du rythme propre \u00e0 chaque adulte pr\u00e9sentant une d\u00e9ficience intellectuelle.<\/p>\n<h2><span style=\"font-weight: 400;\">Organismes et ressources essentielles<\/span><\/h2>\n<p>L\u2019accompagnement en d\u00e9ficience intellectuelle et les ressources associ\u00e9es reposent sur un r\u00e9seau diversifi\u00e9 d\u2019organismes publics et communautaires. Identifier les bons points d\u2019entr\u00e9e permet de r\u00e9duire les d\u00e9lais et de mieux orienter les d\u00e9marches.<\/p>\n<p>Les CLSC ainsi que les CISSS ou CIUSSS constituent souvent la porte d\u2019acc\u00e8s aux services publics pour adultes, incluant l\u2019\u00e9valuation des besoins et l\u2019orientation vers les services de soutien en d\u00e9ficience intellectuelle. Les centres de r\u00e9adaptation offrent des services sp\u00e9cialis\u00e9s visant le d\u00e9veloppement et le maintien des habilet\u00e9s fonctionnelles.<\/p>\n<p>Les organismes de soutien aux familles jouent \u00e9galement un r\u00f4le central en offrant de l\u2019information, du r\u00e9pit et du soutien par les pairs. Ces ressources pour les familles touch\u00e9es par la d\u00e9ficience intellectuelle contribuent \u00e0 r\u00e9duire l\u2019isolement et \u00e0 faciliter la navigation dans les services. D\u2019autres organismes se consacrent \u00e0 la d\u00e9fense des droits, \u00e0 l\u2019autorepr\u00e9sentation et \u00e0 la participation citoyenne.<\/p>\n<p><span style=\"font-weight: 400;\">Des organismes communautaires locaux proposent enfin des activit\u00e9s de loisir, de b\u00e9n\u00e9volat et d\u2019int\u00e9gration sociale, favorisant la qualit\u00e9 de vie et le sentiment d\u2019appartenance.<\/span><\/p>\n<p>Le choix des ressources d\u00e9pend du profil de la personne, de son \u00e2ge, de ses objectifs et de son milieu de vie. Une documentation claire issue d\u2019une \u00e9valuation neuropsychologique facilite l\u2019orientation vers les services de soutien les plus pertinents en d\u00e9ficience intellectuelle et soutient une planification coh\u00e9rente et durable \u00e0 long terme.<\/p>\n<h2><span style=\"font-weight: 400;\">Foire aux questions<\/span><\/h2>\n<h3><span style=\"font-weight: 400;\">Qu\u2019est-ce qui diff\u00e9rencie la d\u00e9ficience intellectuelle d\u2019autres conditions comme l\u2019autisme ou les troubles d\u2019apprentissage ?<\/span><\/h3>\n<p>La d\u00e9ficience intellectuelle adulte se d\u00e9finit par la pr\u00e9sence conjointe de limitations significatives du fonctionnement intellectuel et du comportement adaptatif, avec une apparition avant l\u2019\u00e2ge de 18 ans. Cette double dimension est essentielle au diagnostic de la d\u00e9ficience intellectuelle adulte et permet de la distinguer d\u2019autres conditions neurod\u00e9veloppementales.<\/p>\n<p>Le trouble du spectre de l\u2019autisme est une condition d\u00e9veloppementale caract\u00e9ris\u00e9e principalement par des diff\u00e9rences dans la communication sociale et par des comportements restreints ou r\u00e9p\u00e9titifs. Il peut coexister avec une d\u00e9ficience intellectuelle, mais les deux conditions demeurent distinctes sur les plans clinique et diagnostique.<\/p>\n<p>Les troubles d\u2019apprentissage, quant \u00e0 eux, touchent des domaines scolaires sp\u00e9cifiques, comme la lecture, l\u2019\u00e9criture ou les math\u00e9matiques. Ils n\u2019affectent pas globalement le fonctionnement intellectuel ni le comportement adaptatif. Une personne peut donc pr\u00e9senter un trouble d\u2019apprentissage sans d\u00e9ficience intellectuelle.<\/p>\n<p>Ces distinctions sont importantes, car elles orientent diff\u00e9remment l\u2019acc\u00e8s aux services de support en d\u00e9ficience intellectuelle et aux formes d\u2019accompagnement. Une \u00e9valuation approfondie permet d\u2019identifier l\u2019ensemble des conditions pr\u00e9sentes et de mieux comprendre le profil cognitif et adaptatif global.<\/p>\n<h3><span style=\"font-weight: 400;\">\u00c0 quel \u00e2ge la d\u00e9ficience intellectuelle est-elle g\u00e9n\u00e9ralement identifi\u00e9e chez l\u2019adulte ?<\/span><\/h3>\n<p>Par d\u00e9finition, la d\u00e9ficience intellectuelle se manifeste avant l\u2019\u00e2ge de 18 ans. Toutefois, le diagnostic de la d\u00e9ficience intellectuelle adulte n\u2019est pas toujours pos\u00e9 durant l\u2019enfance. Certaines personnes atteignent l\u2019\u00e2ge adulte sans avoir b\u00e9n\u00e9fici\u00e9 d\u2019une \u00e9valuation formelle.<\/p>\n<p>Une identification \u00e0 l\u2019\u00e2ge adulte peut survenir lorsque les difficult\u00e9s deviennent plus apparentes, notamment lors de transitions importantes comme la fin des \u00e9tudes, l\u2019entr\u00e9e sur le march\u00e9 du travail ou l\u2019acc\u00e8s aux services pour adultes. Dans certains cas, les difficult\u00e9s ont \u00e9t\u00e9 partiellement compens\u00e9es par un environnement structur\u00e9 ou un soutien familial important.<\/p>\n<p>Un diagnostic de d\u00e9ficience intellectuelle adulte pos\u00e9 \u00e0 l\u2019\u00e2ge adulte demeure valide sur le plan clinique. Il ne modifie pas r\u00e9troactivement le parcours de la personne, mais il permet de mieux comprendre certaines difficult\u00e9s persistantes et de soutenir l\u2019acc\u00e8s \u00e0 des ressources pour les familles en d\u00e9ficience intellectuelle et aux services appropri\u00e9s.<\/p>\n<h3><span style=\"font-weight: 400;\">Quels services et soutiens sont disponibles pour un adulte nouvellement identifi\u00e9 ?<\/span><\/h3>\n<p>Pour un adulte nouvellement identifi\u00e9 comme ayant une d\u00e9ficience intellectuelle, les premi\u00e8res \u00e9tapes consistent g\u00e9n\u00e9ralement \u00e0 documenter le fonctionnement cognitif et adaptatif, puis \u00e0 l\u2019orienter vers les services appropri\u00e9s. Au Qu\u00e9bec, ces d\u00e9marches passent souvent par les CISSS ou les CIUSSS, ainsi que par les centres de r\u00e9adaptation.<\/p>\n<p>Les services de soutien en d\u00e9ficience intellectuelle peuvent inclure des programmes de jour, des services socioprofessionnels, du soutien \u00e0 domicile, des ressources r\u00e9sidentielles ou des services de r\u00e9pit pour les familles. L\u2019accompagnement en d\u00e9ficience intellectuelle et les ressources disponibles reposent sur une planification individualis\u00e9e tenant compte des besoins, des capacit\u00e9s et des objectifs de la personne.<\/p>\n<p>L\u2019acc\u00e8s aux services varie selon la r\u00e9gion, les crit\u00e8res d\u2019admissibilit\u00e9 et la disponibilit\u00e9 des ressources. Le soutien d\u2019un proche ou d\u2019un intervenant peut faciliter les d\u00e9marches et r\u00e9duire les d\u00e9lais.<\/p>\n<h3><span style=\"font-weight: 400;\">Comment une famille peut-elle pr\u00e9parer la transition d\u2019un jeune adulte vers l\u2019ind\u00e9pendance ?<\/span><\/h3>\n<p>La transition vers la vie adulte en d\u00e9ficience intellectuelle gagne \u00e0 \u00eatre pr\u00e9par\u00e9e t\u00f4t, id\u00e9alement d\u00e8s l\u2019adolescence. Une approche progressive permet de d\u00e9velopper les comp\u00e9tences n\u00e9cessaires dans diff\u00e9rents domaines, tels que les soins personnels, la gestion du quotidien, la participation sociale et la pr\u00e9paration au travail.<\/p>\n<p>Impliquer le jeune adulte dans la d\u00e9finition de ses objectifs favorise l\u2019autonomie et le sentiment de contr\u00f4le. Il est utile de concevoir l\u2019ind\u00e9pendance comme un ensemble de sph\u00e8res distinctes et d\u2019identifier, pour chacune, les soutiens requis.<\/p>\n<p>Les ressources pour les familles en d\u00e9ficience intellectuelle incluent l\u2019accompagnement offert par les milieux scolaires, les services publics et des cliniques d\u2019\u00e9valuation comme La Centam, qui peuvent soutenir la planification, la documentation et la transition vers la vie adulte en d\u00e9ficience intellectuelle de mani\u00e8re structur\u00e9e.<\/p>\n<h3><span style=\"font-weight: 400;\">Quels droits l\u00e9gaux et protections un adulte ayant une d\u00e9ficience intellectuelle poss\u00e8de-t-il au Canada ?<\/span><\/h3>\n<p>Au Canada, les adultes ayant une d\u00e9ficience intellectuelle adulte b\u00e9n\u00e9ficient des m\u00eames droits fondamentaux que toute autre personne, incluant le droit de participer aux d\u00e9cisions qui concernent leur vie. Des m\u00e9canismes de prise de d\u00e9cision accompagn\u00e9e peuvent \u00eatre mis en place lorsque cela est n\u00e9cessaire.<\/p>\n<p>Les mesures de protection l\u00e9gale, comme les r\u00e9gimes de tutelle ou de curatelle, visent \u00e0 encadrer certaines d\u00e9cisions, sans annuler l\u2019ensemble des droits de la personne. Ces dispositifs peuvent s\u2019inscrire dans une d\u00e9marche globale d\u2019accompagnement en d\u00e9ficience intellectuelle et de ressources juridiques, adapt\u00e9e au profil de la personne.<\/p>\n<p>Les droits \u00e0 l\u2019accessibilit\u00e9, aux accommodements en milieu de travail et \u00e0 la protection contre l\u2019exploitation sont reconnus. Certaines mesures financi\u00e8res font \u00e9galement partie des ressources pour les familles en d\u00e9ficience intellectuelle, afin de soutenir l\u2019autonomie et la s\u00e9curit\u00e9 \u00e0 long terme.<\/p>\n","protected":false},"excerpt":{"rendered":"<p>La d\u00e9ficience intellectuelle chez l\u2019adulte soul\u00e8ve de nombreuses questions pour les personnes concern\u00e9es, leurs familles et les professionnels qui les accompagnent. Apr\u00e8s l\u2019enfance et l\u2019adolescence, les rep\u00e8res changent, les services \u00e9voluent et les attentes sociales augmentent. Comprendre ce qu\u2019implique la d\u00e9ficience intellectuelle \u00e0 l\u2019\u00e2ge adulte, conna\u00eetre les formes d\u2019accompagnement disponibles et identifier les ressources pertinentes [&hellip;]<\/p>\n","protected":false},"author":8,"featured_media":19598,"comment_status":"closed","ping_status":"closed","sticky":false,"template":"","format":"standard","meta":{"_acf_changed":false,"site-sidebar-layout":"default","site-content-layout":"","ast-site-content-layout":"default","site-content-style":"default","site-sidebar-style":"default","ast-global-header-display":"","ast-banner-title-visibility":"","ast-main-header-display":"","ast-hfb-above-header-display":"","ast-hfb-below-header-display":"","ast-hfb-mobile-header-display":"","site-post-title":"","ast-breadcrumbs-content":"","ast-featured-img":"","footer-sml-layout":"","theme-transparent-header-meta":"default","adv-header-id-meta":"","stick-header-meta":"default","header-above-stick-meta":"","header-main-stick-meta":"","header-below-stick-meta":"","astra-migrate-meta-layouts":"set","ast-page-background-enabled":"default","ast-page-background-meta":{"desktop":{"background-color":"var(--ast-global-color-4)","background-image":"","background-repeat":"repeat","background-position":"center center","background-size":"auto","background-attachment":"scroll","background-type":"","background-media":"","overlay-type":"","overlay-color":"","overlay-opacity":"","overlay-gradient":""},"tablet":{"background-color":"","background-image":"","background-repeat":"repeat","background-position":"center center","background-size":"auto","background-attachment":"scroll","background-type":"","background-media":"","overlay-type":"","overlay-color":"","overlay-opacity":"","overlay-gradient":""},"mobile":{"background-color":"","background-image":"","background-repeat":"repeat","background-position":"center center","background-size":"auto","background-attachment":"scroll","background-type":"","background-media":"","overlay-type":"","overlay-color":"","overlay-opacity":"","overlay-gradient":""}},"ast-content-background-meta":{"desktop":{"background-color":"var(--ast-global-color-5)","background-image":"","background-repeat":"repeat","background-position":"center center","background-size":"auto","background-attachment":"scroll","background-type":"","background-media":"","overlay-type":"","overlay-color":"","overlay-opacity":"","overlay-gradient":""},"tablet":{"background-color":"var(--ast-global-color-5)","background-image":"","background-repeat":"repeat","background-position":"center center","background-size":"auto","background-attachment":"scroll","background-type":"","background-media":"","overlay-type":"","overlay-color":"","overlay-opacity":"","overlay-gradient":""},"mobile":{"background-color":"var(--ast-global-color-5)","background-image":"","background-repeat":"repeat","background-position":"center center","background-size":"auto","background-attachment":"scroll","background-type":"","background-media":"","overlay-type":"","overlay-color":"","overlay-opacity":"","overlay-gradient":""}},"footnotes":""},"categories":[171],"tags":[],"class_list":["post-19597","post","type-post","status-publish","format-standard","has-post-thumbnail","hentry","category-practical-tips"],"acf":[],"yoast_head":"<!-- This site is optimized with the Yoast SEO plugin v26.2 - https:\/\/yoast.com\/wordpress\/plugins\/seo\/ -->\n<title>La d\u00e9ficience intellectuelle chez les adultes | Centam<\/title>\n<meta name=\"description\" content=\"Comprendre la d\u00e9ficience intellectuelle chez l\u2019adulte, les crit\u00e8res reconnus, les enjeux de transition, les services de soutien et les ressources disponibles.\" \/>\n<meta name=\"robots\" content=\"index, follow, max-snippet:-1, max-image-preview:large, max-video-preview:-1\" \/>\n<link rel=\"canonical\" href=\"https:\/\/centam.ca\/en\/la-deficience-intellectuelle-chez-ladulte-definition-soutien-et-ressources\/\" \/>\n<meta property=\"og:locale\" content=\"en_US\" \/>\n<meta property=\"og:type\" content=\"article\" \/>\n<meta property=\"og:title\" content=\"La d\u00e9ficience intellectuelle chez les adultes | Centam\" \/>\n<meta property=\"og:description\" content=\"Comprendre la d\u00e9ficience intellectuelle chez l\u2019adulte, les crit\u00e8res reconnus, les enjeux de transition, les services de soutien et les ressources disponibles.\" \/>\n<meta property=\"og:url\" content=\"https:\/\/centam.ca\/en\/la-deficience-intellectuelle-chez-ladulte-definition-soutien-et-ressources\/\" \/>\n<meta property=\"og:site_name\" content=\"CENTAM\" \/>\n<meta property=\"article:published_time\" content=\"2026-02-19T13:16:58+00:00\" \/>\n<meta property=\"article:modified_time\" content=\"2026-03-25T11:40:01+00:00\" \/>\n<meta property=\"og:image\" content=\"https:\/\/centam.ca\/wp-content\/uploads\/2026\/02\/2148560731.jpg\" \/>\n\t<meta property=\"og:image:width\" content=\"2000\" \/>\n\t<meta property=\"og:image:height\" content=\"1270\" \/>\n\t<meta property=\"og:image:type\" content=\"image\/jpeg\" \/>\n<meta name=\"author\" content=\"dev@growth-hacker.ca\" \/>\n<meta name=\"twitter:card\" content=\"summary_large_image\" \/>\n<meta name=\"twitter:label1\" content=\"Written by\" \/>\n\t<meta name=\"twitter:data1\" content=\"dev@growth-hacker.ca\" \/>\n\t<meta name=\"twitter:label2\" content=\"Est. reading time\" \/>\n\t<meta name=\"twitter:data2\" content=\"24 minutes\" \/>\n<!-- \/ Yoast SEO plugin. -->","yoast_head_json":{"title":"La d\u00e9ficience intellectuelle chez les adultes | Centam","description":"Comprendre la d\u00e9ficience intellectuelle chez l\u2019adulte, les crit\u00e8res reconnus, les enjeux de transition, les services de soutien et les ressources disponibles.","robots":{"index":"index","follow":"follow","max-snippet":"max-snippet:-1","max-image-preview":"max-image-preview:large","max-video-preview":"max-video-preview:-1"},"canonical":"https:\/\/centam.ca\/en\/la-deficience-intellectuelle-chez-ladulte-definition-soutien-et-ressources\/","og_locale":"en_US","og_type":"article","og_title":"La d\u00e9ficience intellectuelle chez les adultes | Centam","og_description":"Comprendre la d\u00e9ficience intellectuelle chez l\u2019adulte, les crit\u00e8res reconnus, les enjeux de transition, les services de soutien et les ressources disponibles.","og_url":"https:\/\/centam.ca\/en\/la-deficience-intellectuelle-chez-ladulte-definition-soutien-et-ressources\/","og_site_name":"CENTAM","article_published_time":"2026-02-19T13:16:58+00:00","article_modified_time":"2026-03-25T11:40:01+00:00","og_image":[{"width":2000,"height":1270,"url":"https:\/\/centam.ca\/wp-content\/uploads\/2026\/02\/2148560731.jpg","type":"image\/jpeg"}],"author":"dev@growth-hacker.ca","twitter_card":"summary_large_image","twitter_misc":{"Written by":"dev@growth-hacker.ca","Est. reading time":"24 minutes"},"schema":{"@context":"https:\/\/schema.org","@graph":[{"@type":"Article","@id":"https:\/\/centam.ca\/en\/la-deficience-intellectuelle-chez-ladulte-definition-soutien-et-ressources\/#article","isPartOf":{"@id":"https:\/\/centam.ca\/en\/la-deficience-intellectuelle-chez-ladulte-definition-soutien-et-ressources\/"},"author":{"name":"dev@growth-hacker.ca","@id":"https:\/\/centam.ca\/en\/#\/schema\/person\/f33c6bc28092e542b533bbf1ffb7016a"},"headline":"La d\u00e9ficience intellectuelle chez l\u2019adulte : d\u00e9finition, soutien et ressources","datePublished":"2026-02-19T13:16:58+00:00","dateModified":"2026-03-25T11:40:01+00:00","mainEntityOfPage":{"@id":"https:\/\/centam.ca\/en\/la-deficience-intellectuelle-chez-ladulte-definition-soutien-et-ressources\/"},"wordCount":5353,"publisher":{"@id":"https:\/\/centam.ca\/en\/#organization"},"image":{"@id":"https:\/\/centam.ca\/en\/la-deficience-intellectuelle-chez-ladulte-definition-soutien-et-ressources\/#primaryimage"},"thumbnailUrl":"https:\/\/centam.ca\/wp-content\/uploads\/2026\/02\/2148560731.jpg","articleSection":["Practical tips"],"inLanguage":"en-US"},{"@type":"WebPage","@id":"https:\/\/centam.ca\/en\/la-deficience-intellectuelle-chez-ladulte-definition-soutien-et-ressources\/","url":"https:\/\/centam.ca\/en\/la-deficience-intellectuelle-chez-ladulte-definition-soutien-et-ressources\/","name":"La d\u00e9ficience intellectuelle chez les adultes | Centam","isPartOf":{"@id":"https:\/\/centam.ca\/en\/#website"},"primaryImageOfPage":{"@id":"https:\/\/centam.ca\/en\/la-deficience-intellectuelle-chez-ladulte-definition-soutien-et-ressources\/#primaryimage"},"image":{"@id":"https:\/\/centam.ca\/en\/la-deficience-intellectuelle-chez-ladulte-definition-soutien-et-ressources\/#primaryimage"},"thumbnailUrl":"https:\/\/centam.ca\/wp-content\/uploads\/2026\/02\/2148560731.jpg","datePublished":"2026-02-19T13:16:58+00:00","dateModified":"2026-03-25T11:40:01+00:00","description":"Comprendre la d\u00e9ficience intellectuelle chez l\u2019adulte, les crit\u00e8res reconnus, les enjeux de transition, les services de soutien et les ressources disponibles.","inLanguage":"en-US","potentialAction":[{"@type":"ReadAction","target":["https:\/\/centam.ca\/en\/la-deficience-intellectuelle-chez-ladulte-definition-soutien-et-ressources\/"]}]},{"@type":"ImageObject","inLanguage":"en-US","@id":"https:\/\/centam.ca\/en\/la-deficience-intellectuelle-chez-ladulte-definition-soutien-et-ressources\/#primaryimage","url":"https:\/\/centam.ca\/wp-content\/uploads\/2026\/02\/2148560731.jpg","contentUrl":"https:\/\/centam.ca\/wp-content\/uploads\/2026\/02\/2148560731.jpg","width":2000,"height":1270,"caption":"Adultes jouant \u00e0 un jeu de soci\u00e9t\u00e9 autour d\u2019une table, illustrant l\u2019inclusion sociale et les interactions communautaires chez des adultes."},{"@type":"WebSite","@id":"https:\/\/centam.ca\/en\/#website","url":"https:\/\/centam.ca\/en\/","name":"Clinique d'\u00e9valuation neuropsychologique et des troubles d'apprentissage de Montr\u00e9al","description":"Clinique d&#039;\u00e9valuation neuropsychologique et des troubles d&#039;apprentissage de Montr\u00e9al","publisher":{"@id":"https:\/\/centam.ca\/en\/#organization"},"alternateName":"CENTAM","potentialAction":[{"@type":"SearchAction","target":{"@type":"EntryPoint","urlTemplate":"https:\/\/centam.ca\/en\/?s={search_term_string}"},"query-input":{"@type":"PropertyValueSpecification","valueRequired":true,"valueName":"search_term_string"}}],"inLanguage":"en-US"},{"@type":"Organization","@id":"https:\/\/centam.ca\/en\/#organization","name":"CENTAM","url":"https:\/\/centam.ca\/en\/","logo":{"@type":"ImageObject","inLanguage":"en-US","@id":"https:\/\/centam.ca\/en\/#\/schema\/logo\/image\/","url":"https:\/\/centam.ca\/wp-content\/uploads\/2025\/02\/logo_centam.png","contentUrl":"https:\/\/centam.ca\/wp-content\/uploads\/2025\/02\/logo_centam.png","width":1000,"height":310,"caption":"CENTAM"},"image":{"@id":"https:\/\/centam.ca\/en\/#\/schema\/logo\/image\/"}},{"@type":"Person","@id":"https:\/\/centam.ca\/en\/#\/schema\/person\/f33c6bc28092e542b533bbf1ffb7016a","name":"dev@growth-hacker.ca","image":{"@type":"ImageObject","inLanguage":"en-US","@id":"https:\/\/centam.ca\/en\/#\/schema\/person\/image\/","url":"https:\/\/secure.gravatar.com\/avatar\/43fdc65fd26d7c4c26ace211aa937188f1ef0a7d8ca2ab7de80d3ff581396b41?s=96&d=mm&r=g","contentUrl":"https:\/\/secure.gravatar.com\/avatar\/43fdc65fd26d7c4c26ace211aa937188f1ef0a7d8ca2ab7de80d3ff581396b41?s=96&d=mm&r=g","caption":"dev@growth-hacker.ca"},"sameAs":["http:\/\/centam.ca"],"url":"https:\/\/centam.ca\/en\/author\/devgrowth-hacker-ca\/"}]}},"_links":{"self":[{"href":"https:\/\/centam.ca\/en\/wp-json\/wp\/v2\/posts\/19597","targetHints":{"allow":["GET"]}}],"collection":[{"href":"https:\/\/centam.ca\/en\/wp-json\/wp\/v2\/posts"}],"about":[{"href":"https:\/\/centam.ca\/en\/wp-json\/wp\/v2\/types\/post"}],"author":[{"embeddable":true,"href":"https:\/\/centam.ca\/en\/wp-json\/wp\/v2\/users\/8"}],"replies":[{"embeddable":true,"href":"https:\/\/centam.ca\/en\/wp-json\/wp\/v2\/comments?post=19597"}],"version-history":[{"count":2,"href":"https:\/\/centam.ca\/en\/wp-json\/wp\/v2\/posts\/19597\/revisions"}],"predecessor-version":[{"id":19681,"href":"https:\/\/centam.ca\/en\/wp-json\/wp\/v2\/posts\/19597\/revisions\/19681"}],"wp:featuredmedia":[{"embeddable":true,"href":"https:\/\/centam.ca\/en\/wp-json\/wp\/v2\/media\/19598"}],"wp:attachment":[{"href":"https:\/\/centam.ca\/en\/wp-json\/wp\/v2\/media?parent=19597"}],"wp:term":[{"taxonomy":"category","embeddable":true,"href":"https:\/\/centam.ca\/en\/wp-json\/wp\/v2\/categories?post=19597"},{"taxonomy":"post_tag","embeddable":true,"href":"https:\/\/centam.ca\/en\/wp-json\/wp\/v2\/tags?post=19597"}],"curies":[{"name":"wp","href":"https:\/\/api.w.org\/{rel}","templated":true}]}}