{"id":19590,"date":"2026-02-19T13:08:44","date_gmt":"2026-02-19T13:08:44","guid":{"rendered":"https:\/\/centam.ca\/?p=19590"},"modified":"2026-02-19T13:12:50","modified_gmt":"2026-02-19T13:12:50","slug":"la-deficience-intellectuelle-legere-symptomes-et-vie-quotidienne","status":"publish","type":"post","link":"https:\/\/centam.ca\/en\/la-deficience-intellectuelle-legere-symptomes-et-vie-quotidienne\/","title":{"rendered":"La d\u00e9ficience intellectuelle l\u00e9g\u00e8re : sympt\u00f4mes et vie quotidienne"},"content":{"rendered":"<p><span style=\"font-weight: 400;\">Comprendre la d\u00e9ficience intellectuelle l\u00e9g\u00e8re peut soulever de nombreuses questions pour les parents, les proches et les intervenants scolaires. Souvent associ\u00e9e \u00e0 des difficult\u00e9s d\u2019apprentissage ou \u00e0 un retard de d\u00e9veloppement, cette condition neurod\u00e9veloppementale influence le fonctionnement intellectuel et le comportement adaptatif au quotidien. Cet article vise \u00e0 pr\u00e9senter une information claire et structur\u00e9e sur les sympt\u00f4mes, les manifestations concr\u00e8tes dans la vie de tous les jours et la place de la forme l\u00e9g\u00e8re parmi les diff\u00e9rents niveaux de s\u00e9v\u00e9rit\u00e9, afin d\u2019aider les familles \u00e0 mieux situer les enjeux et les besoins en \u00e9valuation.<\/span><\/p>\n<h2><span style=\"font-weight: 400;\">Qu\u2019est-ce que la d\u00e9ficience intellectuelle l\u00e9g\u00e8re ?<\/span><\/h2>\n<p><span style=\"font-weight: 400;\">La d\u00e9ficience intellectuelle l\u00e9g\u00e8re est une forme de trouble du d\u00e9veloppement intellectuel caract\u00e9ris\u00e9e par un fonctionnement intellectuel inf\u00e9rieur \u00e0 la moyenne et des limitations du comportement adaptatif. Elle se d\u00e9finit \u00e0 partir de crit\u00e8res cliniques reconnus et repose sur l\u2019analyse du quotient intellectuel (QI), du fonctionnement dans la vie quotidienne et du moment d\u2019apparition des difficult\u00e9s durant la p\u00e9riode d\u00e9veloppementale.<\/span><\/p>\n<p><span style=\"font-weight: 400;\">Sur le plan cognitif, le fonctionnement intellectuel est g\u00e9n\u00e9ralement \u00e9valu\u00e9 \u00e0 l\u2019aide de tests standardis\u00e9s. Dans le cas de la d\u00e9ficience intellectuelle l\u00e9g\u00e8re, le QI se situe habituellement \u00e0 70 ou en dessous. Toutefois, cette mesure \u00e0 elle seule n\u2019est pas suffisante pour comprendre le profil global de la personne. L\u2019\u00e9valuation prend aussi en compte la capacit\u00e9 \u00e0 s\u2019adapter aux exigences de la vie courante, \u00e0 communiquer, \u00e0 apprendre et \u00e0 fonctionner de mani\u00e8re autonome selon l\u2019\u00e2ge.<\/span><\/p>\n<p><span style=\"font-weight: 400;\">Il est important de distinguer la d\u00e9ficience intellectuelle d\u2019une maladie intellectuelle. Il ne s\u2019agit pas d\u2019une affection acquise ou \u00e9volutive, mais d\u2019une condition permanente pr\u00e9sente d\u00e8s l\u2019enfance, li\u00e9e au d\u00e9veloppement du cerveau. Les manifestations peuvent varier d\u2019une personne \u00e0 l\u2019autre, en fonction des forces et des faiblesses cognitives propres \u00e0 chaque profil.<\/span><\/p>\n<p><span style=\"font-weight: 400;\">La d\u00e9ficience intellectuelle l\u00e9g\u00e8re repr\u00e9sente la forme la plus fr\u00e9quente. Environ 85 % des personnes pr\u00e9sentant une d\u00e9ficience intellectuelle se situent dans cette cat\u00e9gorie. Globalement, la condition toucherait environ 1 \u00e0 2 % de la population et serait observ\u00e9e environ deux fois plus souvent chez les gar\u00e7ons que chez les filles. Ces donn\u00e9es soulignent l\u2019importance d\u2019une identification pr\u00e9coce et d\u2019une compr\u00e9hension nuanc\u00e9e de cette r\u00e9alit\u00e9.<\/span><\/p>\n<h3><b>Les trois crit\u00e8res diagnostiques officiels<\/b><\/h3>\n<p><span style=\"font-weight: 400;\">Le diagnostic de d\u00e9ficience intellectuelle l\u00e9g\u00e8re repose sur la pr\u00e9sence simultan\u00e9e de trois crit\u00e8res essentiels, reconnus par les cadres diagnostiques internationaux. L\u2019absence de l\u2019un de ces \u00e9l\u00e9ments ne permet pas de conclure \u00e0 une d\u00e9ficience intellectuelle.<\/span><\/p>\n<p><span style=\"font-weight: 400;\">Le premier crit\u00e8re concerne une limitation significative du fonctionnement intellectuel. Celle-ci est mesur\u00e9e \u00e0 l\u2019aide de tests psychom\u00e9triques standardis\u00e9s \u00e9valuant le raisonnement, la r\u00e9solution de probl\u00e8mes, la planification et les capacit\u00e9s d\u2019apprentissage g\u00e9n\u00e9rales.<\/span><\/p>\n<p><span style=\"font-weight: 400;\">Le deuxi\u00e8me crit\u00e8re porte sur des limitations significatives du comportement adaptatif. Ces limitations doivent \u00eatre observ\u00e9es dans au moins l\u2019un des domaines suivants : conceptuel, comme la compr\u00e9hension des concepts scolaires ou de l\u2019argent ; social, notamment la communication et les habilet\u00e9s relationnelles ; et pratique, qui englobe l\u2019autonomie dans les activit\u00e9s de la vie quotidienne.<\/span><\/p>\n<p><span style=\"font-weight: 400;\">Le troisi\u00e8me crit\u00e8re exige que les difficult\u00e9s apparaissent durant la p\u00e9riode d\u00e9veloppementale, c\u2019est-\u00e0-dire avant l\u2019\u00e2ge de 18 ans. Ce point permet de distinguer la d\u00e9ficience intellectuelle d\u2019atteintes cognitives acquises ult\u00e9rieurement, par exemple \u00e0 la suite d\u2019un traumatisme ou d\u2019une maladie neurologique.<\/span><\/p>\n<p><span style=\"font-weight: 400;\">Ces trois crit\u00e8res doivent \u00eatre r\u00e9unis afin d\u2019assurer une identification rigoureuse et coh\u00e9rente du trouble du d\u00e9veloppement intellectuel et de situer correctement le niveau de s\u00e9v\u00e9rit\u00e9.<\/span><\/p>\n<h2><span style=\"font-weight: 400;\">Sympt\u00f4mes et signes de la d\u00e9ficience intellectuelle l\u00e9g\u00e8re<\/span><\/h2>\n<p><span style=\"font-weight: 400;\">Les sympt\u00f4mes de la d\u00e9ficience intellectuelle l\u00e9g\u00e8re se manifestent principalement par un d\u00e9ficit cognitif et un retard d\u00e9veloppemental qui influencent l\u2019apprentissage, le langage et l\u2019autonomie. Les signes peuvent \u00eatre subtils, surtout durant la petite enfance, puis devenir plus apparents lorsque les exigences scolaires et sociales augmentent.<\/span><\/p>\n<p><span style=\"font-weight: 400;\">Sur le plan cognitif, on observe g\u00e9n\u00e9ralement un rythme d\u2019apprentissage plus lent. Les personnes peuvent \u00e9prouver des difficult\u00e9s avec le raisonnement abstrait, la r\u00e9solution de probl\u00e8mes nouveaux et la g\u00e9n\u00e9ralisation des apprentissages. Le langage se d\u00e9veloppe habituellement, mais de fa\u00e7on plus tardive ou avec un vocabulaire et une structure plus simples.<\/span><\/p>\n<p><span style=\"font-weight: 400;\">Le comportement adaptatif constitue un autre aspect central. Les d\u00e9fis peuvent toucher les soins personnels, comme s\u2019habiller, manger ou maintenir une hygi\u00e8ne ad\u00e9quate, surtout lorsque les t\u00e2ches deviennent plus complexes. La communication quotidienne peut \u00e9galement \u00eatre affect\u00e9e, avec une compr\u00e9hension limit\u00e9e des consignes ou une difficult\u00e9 \u00e0 exprimer clairement ses besoins.<\/span><\/p>\n<p><span style=\"font-weight: 400;\">\u00c0 l\u2019\u00e9cole, les signes incluent une acquisition plus lente de la lecture, de l\u2019\u00e9criture et des math\u00e9matiques. Les apprentissages n\u00e9cessitent souvent davantage de r\u00e9p\u00e9titions et de temps. L\u2019\u00e9l\u00e8ve peut r\u00e9ussir certains contenus, mais \u00e9prouver des difficult\u00e9s \u00e0 suivre le rythme du groupe sans ajustements p\u00e9dagogiques.<\/span><\/p>\n<p><span style=\"font-weight: 400;\">Sur le plan social et \u00e9motionnel, la personne peut avoir de la difficult\u00e9 \u00e0 d\u00e9coder les indices sociaux, \u00e0 comprendre les r\u00e8gles implicites ou \u00e0 \u00e9valuer les intentions des autres. La maturit\u00e9 sociale est souvent inf\u00e9rieure \u00e0 celle des pairs du m\u00eame \u00e2ge, ce qui peut augmenter la vuln\u00e9rabilit\u00e9 \u00e0 l\u2019influence ou \u00e0 la manipulation.<\/span><\/p>\n<p><span style=\"font-weight: 400;\">Sur le plan comportemental, on note parfois une difficult\u00e9 \u00e0 suivre des consignes en groupe, une persistance limit\u00e9e face aux t\u00e2ches exigeantes et une sensibilit\u00e9 accrue aux changements de routine. Il est toutefois important de pr\u00e9ciser que la d\u00e9ficience intellectuelle l\u00e9g\u00e8re n\u2019est g\u00e9n\u00e9ralement pas associ\u00e9e \u00e0 des atteintes motrices s\u00e9v\u00e8res. Le d\u00e9veloppement du langage est pr\u00e9sent, bien qu\u2019il puisse \u00eatre retard\u00e9.<\/span><\/p>\n<h3><b>Comment les sympt\u00f4mes se manifestent \u00e0 diff\u00e9rents \u00e2ges<\/b><\/h3>\n<p><span style=\"font-weight: 400;\">Durant la petite enfance, de la naissance \u00e0 cinq ans, les premiers signes peuvent inclure un retard dans l\u2019acquisition des \u00e9tapes motrices, comme marcher ou coordonner certains mouvements, ainsi que des d\u00e9lais dans le d\u00e9veloppement du langage. Les nouvelles habilet\u00e9s sont acquises plus lentement que chez les enfants du m\u00eame \u00e2ge.<\/span><\/p>\n<p><span style=\"font-weight: 400;\">\u00c0 l\u2019\u00e2ge scolaire, entre six et douze ans, les difficult\u00e9s deviennent souvent plus visibles. Les d\u00e9fis en lecture, en \u00e9criture et en math\u00e9matiques s\u2019accentuent, et l\u2019enfant peut n\u00e9cessiter des services de soutien \u00e9ducatif. Les interactions sociales peuvent \u00eatre marqu\u00e9es par des conflits ou des incompr\u00e9hensions avec les pairs.<\/span><\/p>\n<p><span style=\"font-weight: 400;\">\u00c0 l\u2019adolescence, on observe fr\u00e9quemment un plafonnement des apprentissages scolaires. Les exigences sociales augmentent, ce qui peut rendre la compr\u00e9hension des relations plus complexe. Le besoin d\u2019accompagnement dans le d\u00e9veloppement de l\u2019autonomie et de l\u2019ind\u00e9pendance devient plus marqu\u00e9.<\/span><\/p>\n<p><span style=\"font-weight: 400;\">Au d\u00e9but de l\u2019\u00e2ge adulte, les manifestations concernent surtout l\u2019int\u00e9gration au travail, la gestion des finances, l\u2019organisation du quotidien et le maintien des relations sociales. Un soutien continu peut \u00eatre n\u00e9cessaire pour favoriser une participation sociale adapt\u00e9e aux capacit\u00e9s et au contexte de vie.<\/span><\/p>\n<p><span style=\"font-weight: 400;\">Des <\/span><a href=\"https:\/\/centam.ca\/troubles-dapprentissage\/\"><b>troubles d\u2019apprentissage<\/b><\/a><span style=\"font-weight: 400;\">, comme la dyslexie ou la dysorthographie, peuvent \u00eatre associ\u00e9s et doivent \u00eatre distingu\u00e9s lors de l\u2019\u00e9valuation.<\/span><\/p>\n<h2><span style=\"font-weight: 400;\">Les quatre niveaux de s\u00e9v\u00e9rit\u00e9 : o\u00f9 se situe la d\u00e9ficience l\u00e9g\u00e8re ?<\/span><\/h2>\n<p><span style=\"font-weight: 400;\">La d\u00e9ficience intellectuelle est class\u00e9e en quatre niveaux de s\u00e9v\u00e9rit\u00e9, en fonction du degr\u00e9 de limitation du fonctionnement intellectuel et du comportement adaptatif. Cette classification permet de mieux comprendre les besoins de soutien, sans pr\u00e9sumer du potentiel ni de la valeur sociale d\u2019une personne.<\/span><\/p>\n<p><span style=\"font-weight: 400;\">La d\u00e9ficience intellectuelle l\u00e9g\u00e8re correspond g\u00e9n\u00e9ralement \u00e0 un QI situ\u00e9 entre 50 et 70. Les besoins de soutien sont souvent intermittents ou limit\u00e9s. Une int\u00e9gration scolaire en classe r\u00e9guli\u00e8re est parfois possible avec des adaptations appropri\u00e9es, et certaines personnes atteignent un bon niveau d\u2019autonomie \u00e0 l\u2019\u00e2ge adulte.<\/span><\/p>\n<p><span style=\"font-weight: 400;\">La d\u00e9ficience intellectuelle mod\u00e9r\u00e9e, associ\u00e9e \u00e0 un QI entre 35 et 49, implique des d\u00e9fis plus importants dans les apprentissages et la vie quotidienne. Les besoins de soutien sont plus importants et constants.<\/span><\/p>\n<p><span style=\"font-weight: 400;\">La forme grave se caract\u00e9rise par un QI entre 20 et 34. Les limitations touchent l\u2019ensemble des domaines de fonctionnement et n\u00e9cessitent un accompagnement \u00e9tendu dans les activit\u00e9s quotidiennes.<\/span><\/p>\n<p><span style=\"font-weight: 400;\">La d\u00e9ficience intellectuelle profonde correspond \u00e0 un QI inf\u00e9rieur \u00e0 20. Les besoins de soutien sont tr\u00e8s importants et incluent l\u2019aide pour les soins personnels et la communication de base.<\/span><\/p>\n<p><span style=\"font-weight: 400;\">La s\u00e9v\u00e9rit\u00e9 permet donc de situer le niveau de soutien requis, et non de d\u00e9finir les capacit\u00e9s d\u2019\u00e9volution ou la contribution possible \u00e0 la soci\u00e9t\u00e9. La d\u00e9ficience intellectuelle l\u00e9g\u00e8re, la plus r\u00e9pandue, est souvent associ\u00e9e \u00e0 des trajectoires de vie plus flexibles lorsque l\u2019identification et l\u2019\u00e9valuation sont r\u00e9alis\u00e9es de mani\u00e8re rigoureuse et pr\u00e9coce.<\/span><\/p>\n<h2><span style=\"font-weight: 400;\">Causes et origines de la d\u00e9ficience intellectuelle<\/span><\/h2>\n<p><span style=\"font-weight: 400;\">Comprendre les causes de la d\u00e9ficience intellectuelle aide souvent les familles \u00e0 att\u00e9nuer le sentiment de culpabilit\u00e9 ou de responsabilit\u00e9 personnelle. Dans la majorit\u00e9 des situations, cette condition r\u00e9sulte de facteurs biologiques ou neurologiques ind\u00e9pendants des pratiques parentales ou de l\u2019environnement \u00e9ducatif.<\/span><\/p>\n<p><span style=\"font-weight: 400;\">Parmi les causes g\u00e9n\u00e9tiques de la d\u00e9ficience intellectuelle, on retrouve des anomalies chromosomiques ou des mutations sp\u00e9cifiques affectant le d\u00e9veloppement c\u00e9r\u00e9bral. Le syndrome de Down (trisomie 21) repr\u00e9sente la cause g\u00e9n\u00e9tique la plus fr\u00e9quente de d\u00e9ficience intellectuelle. D\u2019autres syndromes g\u00e9n\u00e9tiques, comme le syndrome de l\u2019X fragile, peuvent \u00e9galement \u00eatre associ\u00e9s \u00e0 une d\u00e9ficience intellectuelle l\u00e9g\u00e8re \u00e0 mod\u00e9r\u00e9e.<\/span><\/p>\n<p><span style=\"font-weight: 400;\">Des facteurs pr\u00e9nataux peuvent aussi intervenir. Certaines infections contract\u00e9es pendant la grossesse, l\u2019exposition \u00e0 l\u2019alcool ou \u00e0 des substances toxiques, l\u2019utilisation de m\u00e9dicaments nocifs pour le f\u0153tus ou des complications m\u00e9dicales durant la grossesse peuvent perturber le d\u00e9veloppement du cerveau avant la naissance.<\/span><\/p>\n<p><span style=\"font-weight: 400;\">Les complications survenant \u00e0 la naissance constituent un autre groupe de causes possibles de la d\u00e9ficience intellectuelle. Une privation d\u2019oxyg\u00e8ne, appel\u00e9e hypoxie, une grande pr\u00e9maturit\u00e9 ou un traumatisme obst\u00e9trical peut entra\u00eener des atteintes neurologiques affectant le fonctionnement intellectuel ult\u00e9rieur.<\/span><\/p>\n<p><span style=\"font-weight: 400;\">Apr\u00e8s la naissance, certaines conditions peuvent \u00e9galement contribuer \u00e0 une d\u00e9ficience intellectuelle. Des traumatismes cr\u00e2niens s\u00e9v\u00e8res, des infections du syst\u00e8me nerveux central comme la m\u00e9ningite ou l\u2019enc\u00e9phalite, des intoxications graves ou des situations de n\u00e9gligence extr\u00eame peuvent perturber le d\u00e9veloppement cognitif.<\/span><\/p>\n<p><span style=\"font-weight: 400;\">La d\u00e9ficience intellectuelle peut aussi coexister avec d\u2019autres troubles neurod\u00e9veloppementaux ou neurologiques. Elle est parfois associ\u00e9e \u00e0 un trouble du spectre de l\u2019autisme, au TDAH, \u00e0 des troubles d\u2019apprentissage comme la dyslexie ou \u00e0 l\u2019\u00e9pilepsie, bien que ces conditions ne soient pas syst\u00e9matiquement pr\u00e9sentes.<\/span><\/p>\n<p><span style=\"font-weight: 400;\">Dans un nombre important de cas, aucune cause pr\u00e9cise ne peut \u00eatre identifi\u00e9e malgr\u00e9 les investigations. On parle alors d\u2019origine idiopathique. Il est essentiel de souligner que la d\u00e9ficience intellectuelle n\u2019est pas caus\u00e9e par le style parental, le niveau d\u2019\u00e9ducation des parents ou la pauvret\u00e9, m\u00eame si les facteurs socio\u00e9conomiques peuvent influencer l\u2019acc\u00e8s au d\u00e9pistage et \u00e0 l\u2019\u00e9valuation.<\/span><\/p>\n<p><span style=\"font-weight: 400;\">La d\u00e9ficience intellectuelle l\u00e9g\u00e8re peut parfois coexister avec un <\/span><a href=\"https:\/\/centam.ca\/troubles-dapprentissage\/le-trouble-du-spectre-de-lautisme-tsa\/\"><b>trouble du spectre de l\u2019autisme<\/b><\/a><span style=\"font-weight: 400;\">, ce qui n\u00e9cessite une \u00e9valuation diff\u00e9renci\u00e9e du profil d\u00e9veloppemental.<\/span><\/p>\n<h2><span style=\"font-weight: 400;\">Diagnostic et \u00e9valuation neuropsychologique<\/span><\/h2>\n<p><span style=\"font-weight: 400;\">Le diagnostic de la d\u00e9ficience intellectuelle repose sur une d\u00e9marche structur\u00e9e visant \u00e0 documenter de fa\u00e7on rigoureuse le fonctionnement cognitif et adaptatif. L\u2019\u00e9valuation neuropsychologique joue un r\u00f4le central dans ce processus.<\/span><\/p>\n<p><span style=\"font-weight: 400;\">Cette d\u00e9marche comprend g\u00e9n\u00e9ralement deux volets principaux. Le premier consiste \u00e0 mesurer le fonctionnement intellectuel \u00e0 l\u2019aide de tests standardis\u00e9s permettant d\u2019estimer le quotient intellectuel. Des outils reconnus, comme les \u00e9chelles de Wechsler pour enfants et adolescents ou le test Stanford-Binet, sont administr\u00e9s par un professionnel qualifi\u00e9 dans un cadre contr\u00f4l\u00e9.<\/span><\/p>\n<p><span style=\"font-weight: 400;\">Le second volet concerne l\u2019\u00e9valuation du comportement adaptatif. Des questionnaires standardis\u00e9s, remplis par les parents, les enseignants ou d\u2019autres personnes significatives, permettent d\u2019analyser le fonctionnement de la personne dans les domaines conceptuels, sociaux et pratiques. Des \u00e9chelles comme celles du comportement adaptatif de Vineland sont couramment utilis\u00e9es \u00e0 cette fin.<\/span><\/p>\n<p><span style=\"font-weight: 400;\">L\u2019objectif de cette \u00e9valuation est multiple. Elle permet d\u2019identifier les forces et les faiblesses cognitives, de clarifier le profil d\u00e9veloppemental, de d\u00e9terminer le niveau de soutien requis et d\u2019exclure d\u2019autres conditions pouvant expliquer les difficult\u00e9s observ\u00e9es. Le diagnostic repose sur l\u2019int\u00e9gration de l\u2019ensemble des donn\u00e9es, et non sur un seul score.<\/span><\/p>\n<p><span style=\"font-weight: 400;\">La d\u00e9ficience intellectuelle peut g\u00e9n\u00e9ralement \u00eatre identifi\u00e9e de fa\u00e7on fiable \u00e0 partir de l\u2019\u00e2ge de six ou sept ans. Chez les enfants plus jeunes, lorsque le d\u00e9veloppement est globalement retard\u00e9 sans qu\u2019un profil stable puisse \u00eatre \u00e9tabli, le terme <\/span><i><span style=\"font-weight: 400;\">retard global de d\u00e9veloppement<\/span><\/i><span style=\"font-weight: 400;\"> est parfois utilis\u00e9 de mani\u00e8re transitoire.<\/span><\/p>\n<p><span style=\"font-weight: 400;\">L\u2019\u00e9valuation est r\u00e9alis\u00e9e par un neuropsychologue, un psychologue ou un autre professionnel form\u00e9 \u00e0 l\u2019administration et \u00e0 l\u2019interpr\u00e9tation de ces outils. Une attention particuli\u00e8re est port\u00e9e au contexte culturel, linguistique et socio\u00e9conomique afin d\u2019assurer une interpr\u00e9tation juste et nuanc\u00e9e des r\u00e9sultats.<\/span><\/p>\n<p><span style=\"font-weight: 400;\">Une <\/span><a href=\"https:\/\/centam.ca\/services\/evaluation-neuropsychologique\/\"><b>\u00e9valuation neuropsychologique<\/b><\/a><span style=\"font-weight: 400;\"> permet de documenter le fonctionnement intellectuel, le comportement adaptatif et le profil cognitif global afin d\u2019\u00e9clairer les d\u00e9cisions scolaires et administratives.<\/span><\/p>\n<h2><span style=\"font-weight: 400;\">Impact sur la vie quotidienne : \u00e9cole, maison et relations sociales<\/span><\/h2>\n<p><span style=\"font-weight: 400;\">La d\u00e9ficience intellectuelle l\u00e9g\u00e8re influence diff\u00e9rents aspects de la vie quotidienne, notamment l\u2019\u00e9cole, la maison et les relations sociales. Ces impacts varient selon l\u2019\u00e2ge, les exigences de l\u2019environnement et les ressources disponibles.<\/span><\/p>\n<p><span style=\"font-weight: 400;\">\u00c0 l\u2019\u00e9cole, les difficult\u00e9s se manifestent surtout sur le plan de l\u2019apprentissage. Le rythme scolaire peut \u00eatre difficile \u00e0 suivre sans ajustements, et les progr\u00e8s acad\u00e9miques sont souvent plus lents. Certains \u00e9l\u00e8ves b\u00e9n\u00e9ficient d\u2019un parcours en classe r\u00e9guli\u00e8re avec des accommodements, tandis que d\u2019autres n\u00e9cessitent un programme modifi\u00e9 et un accompagnement sp\u00e9cialis\u00e9, notamment en orthop\u00e9dagogie.<\/span><\/p>\n<p><span style=\"font-weight: 400;\">\u00c0 la maison, le d\u00e9veloppement de l\u2019autonomie se fait g\u00e9n\u00e9ralement de mani\u00e8re plus graduelle. Les activit\u00e9s de la vie quotidienne, comme la gestion de l\u2019hygi\u00e8ne, la pr\u00e9paration de repas simples ou l\u2019organisation des t\u00e2ches domestiques, demandent davantage de temps et de soutien. L\u2019encadrement parental demeure souvent pr\u00e9sent plus longtemps.<\/span><\/p>\n<p><span style=\"font-weight: 400;\">Les relations sociales repr\u00e9sentent un autre enjeu important. Les personnes peuvent \u00e9prouver des difficult\u00e9s \u00e0 initier ou \u00e0 maintenir des amiti\u00e9s, \u00e0 comprendre les r\u00e8gles sociales implicites ou \u00e0 ajuster leur comportement selon le contexte. Cette r\u00e9alit\u00e9 peut accro\u00eetre la vuln\u00e9rabilit\u00e9 \u00e0 l\u2019intimidation ou aux influences n\u00e9gatives.<\/span><\/p>\n<p><span style=\"font-weight: 400;\">Sur le plan du comportement, la frustration peut \u00e9merger lorsque les attentes de l\u2019environnement d\u00e9passent les capacit\u00e9s actuelles. Les transitions, les changements de routine et les situations nouvelles peuvent \u00eatre sources de stress. Malgr\u00e9 ces d\u00e9fis, plusieurs personnes d\u00e9veloppent progressivement des comp\u00e9tences fonctionnelles et sociales lorsque le soutien est adapt\u00e9 \u00e0 leur profil.<\/span><\/p>\n<h3><b>Soutien \u00e0 l\u2019\u00e9cole<\/b><\/h3>\n<p><span style=\"font-weight: 400;\">Le soutien \u00e0 l\u2019\u00e9cole repose sur une distinction importante entre les accommodements et les modifications p\u00e9dagogiques. Les accommodements permettent d\u2019ajuster les conditions d\u2019apprentissage, par exemple le temps suppl\u00e9mentaire, le mat\u00e9riel adapt\u00e9 ou les consignes simplifi\u00e9es, sans changer les objectifs scolaires. Les modifications, quant \u00e0 elles, impliquent une adaptation des contenus ou des attentes afin qu\u2019elles correspondent davantage au niveau de fonctionnement de l\u2019\u00e9l\u00e8ve.<\/span><\/p>\n<p><span style=\"font-weight: 400;\">La mise en place d\u2019un plan d\u2019intervention individualis\u00e9 ou d\u2019un plan de services particuliers constitue un outil central. Ce document, \u00e9labor\u00e9 en collaboration avec les parents, l\u2019\u00e9quipe-\u00e9cole et les professionnels concern\u00e9s, pr\u00e9cise les besoins de l\u2019\u00e9l\u00e8ve, les objectifs r\u00e9alistes et les moyens concrets pour les atteindre. Il permet d\u2019assurer une continuit\u00e9 et une coh\u00e9rence dans les interventions.<\/span><\/p>\n<p><span style=\"font-weight: 400;\">Le recours \u00e0 un enseignant-ressource ou \u00e0 des services en adaptation scolaire soutient le d\u00e9veloppement des apprentissages de base. L\u2019orthop\u00e9dagogie et l\u2019enseignement sp\u00e9cialis\u00e9 peuvent aider \u00e0 consolider les acquis, \u00e0 renforcer les strat\u00e9gies d\u2019apprentissage et \u00e0 favoriser la participation en classe.<\/span><\/p>\n<p><span style=\"font-weight: 400;\">Lorsque l\u2019inclusion en classe r\u00e9guli\u00e8re est possible, elle peut offrir des b\u00e9n\u00e9fices sociaux importants, notamment par les interactions avec les pairs. Cette approche demeure toutefois pertinente uniquement si les attentes scolaires sont align\u00e9es avec le potentiel r\u00e9el de l\u2019\u00e9l\u00e8ve, afin d\u2019\u00e9viter la surcharge et la d\u00e9motivation.<\/span><\/p>\n<h3><b>Soutien \u00e0 la maison<\/b><\/h3>\n<p><span style=\"font-weight: 400;\">\u00c0 la maison, le soutien vise surtout \u00e0 encourager le d\u00e9veloppement progressif de l\u2019autonomie dans les activit\u00e9s de la vie quotidienne. Les habilet\u00e9s sont enseign\u00e9es de mani\u00e8re graduelle, en d\u00e9composant les t\u00e2ches et en r\u00e9p\u00e9tant les apprentissages jusqu\u2019\u00e0 ce qu\u2019ils soient int\u00e9gr\u00e9s.<\/span><\/p>\n<p><span style=\"font-weight: 400;\">L\u2019enseignement de comp\u00e9tences pratiques, comme les soins personnels, la s\u00e9curit\u00e9 de base ou les t\u00e2ches domestiques simples, contribue \u00e0 renforcer le sentiment de comp\u00e9tence et la participation \u00e0 la vie familiale. Ces apprentissages prennent du temps et n\u00e9cessitent une supervision adapt\u00e9e au niveau de compr\u00e9hension.<\/span><\/p>\n<p><span style=\"font-weight: 400;\">L\u2019instauration de routines structur\u00e9es aide souvent \u00e0 r\u00e9duire l\u2019anxi\u00e9t\u00e9 et les difficult\u00e9s comportementales. La pr\u00e9visibilit\u00e9 du quotidien facilite la compr\u00e9hension des attentes et diminue les r\u00e9actions li\u00e9es aux changements impr\u00e9vus.<\/span><\/p>\n<p><span style=\"font-weight: 400;\">Des strat\u00e9gies de communication adapt\u00e9es, utilisant un langage clair et concret, soutiennent la compr\u00e9hension et les \u00e9changes. Enfin, il est essentiel de consid\u00e9rer la dynamique familiale et le bien-\u00eatre des proches. Le soutien offert s\u2019inscrit dans un \u00e9quilibre global, o\u00f9 les besoins des aidants sont reconnus au m\u00eame titre que ceux de la personne concern\u00e9e.<\/span><\/p>\n<h2><span style=\"font-weight: 400;\">Comment La Centam peut soutenir votre famille<\/span><\/h2>\n<p><span style=\"font-weight: 400;\">Apr\u00e8s un <\/span><a href=\"https:\/\/centam.ca\/services\/evaluation-de-la-deficience-intellectuelle\/\"><span style=\"font-weight: 400;\">diagnostic de d\u00e9ficience intellectuelle<\/span><\/a><span style=\"font-weight: 400;\"> l\u00e9g\u00e8re, de nombreuses familles se demandent concr\u00e8tement quelles sont les \u00e9tapes suivantes et vers quelles ressources se tourner. Le r\u00f4le de La Centam s\u2019inscrit dans cette phase de compr\u00e9hension et d\u2019orientation, en offrant un cadre professionnel, accessible et centr\u00e9 sur la famille.<\/span><\/p>\n<p><span style=\"font-weight: 400;\">La Centam propose des services d\u2019\u00e9valuation neuropsychologique permettant de documenter le fonctionnement intellectuel, le comportement adaptatif et le profil cognitif global. Ces \u00e9valuations donnent lieu \u00e0 des rapports d\u00e9taill\u00e9s qui aident les familles \u00e0 comprendre ce que signifie le diagnostic dans la vie quotidienne et \u00e0 clarifier les forces, les limites et les besoins de soutien associ\u00e9s.<\/span><\/p>\n<p><span style=\"font-weight: 400;\">L\u2019approche tient compte du fait que le d\u00e9veloppement de l\u2019enfant s\u2019inscrit dans un contexte familial. L\u2019\u00e9valuation vise donc \u00e0 \u00e9clairer non seulement le fonctionnement de la personne \u00e9valu\u00e9e, mais aussi les implications pour la famille, l\u2019\u00e9cole et les autres milieux de vie. Cette compr\u00e9hension partag\u00e9e facilite les \u00e9changes avec les partenaires scolaires et communautaires.<\/span><\/p>\n<p><span style=\"font-weight: 400;\">La Centam joue \u00e9galement un r\u00f4le d\u2019orientation vers les ressources appropri\u00e9es. Selon le profil identifi\u00e9, les familles peuvent \u00eatre dirig\u00e9es vers des services du r\u00e9seau scolaire, des centres de r\u00e9adaptation en d\u00e9ficience intellectuelle ou en trouble du spectre de l\u2019autisme (CRDITSA), des services sociaux ou des organismes communautaires pertinents.<\/span><\/p>\n<p><span style=\"font-weight: 400;\">En fournissant une documentation claire et structur\u00e9e, La Centam soutient les d\u00e9marches administratives et \u00e9ducatives et demeure une ressource professionnelle de r\u00e9f\u00e9rence au fil du d\u00e9veloppement, notamment lors de transitions importantes, comme l\u2019entr\u00e9e \u00e0 l\u2019\u00e9cole ou le passage \u00e0 l\u2019\u00e2ge adulte. Les services sont offerts en fran\u00e7ais et en anglais, dans une approche clinique rigoureuse et accessible.<\/span><\/p>\n<h2><span style=\"font-weight: 400;\">Mythes et r\u00e9alit\u00e9s : ce que vous devez savoir<\/span><\/h2>\n<p><span style=\"font-weight: 400;\">De nombreuses id\u00e9es re\u00e7ues entourent la d\u00e9ficience intellectuelle l\u00e9g\u00e8re. Ces mythes peuvent alimenter l\u2019inqui\u00e9tude et la stigmatisation. Une information fond\u00e9e sur les donn\u00e9es actuelles permet de nuancer ces perceptions.<\/span><\/p>\n<ul>\n<li style=\"font-weight: 400;\" aria-level=\"1\"><b>Mythe :<\/b><span style=\"font-weight: 400;\"> les personnes pr\u00e9sentant une d\u00e9ficience intellectuelle l\u00e9g\u00e8re ne peuvent pas apprendre \u00e0 lire ou \u00e0 \u00e9crire.<\/span><span style=\"font-weight: 400;\"><br \/>\n<\/span><b>R\u00e9alit\u00e9 :<\/b><span style=\"font-weight: 400;\"> avec un enseignement adapt\u00e9 et du temps, la majorit\u00e9 peut acqu\u00e9rir des comp\u00e9tences en litt\u00e9ratie, m\u00eame si le rythme d\u2019apprentissage est plus lent.<\/span><\/li>\n<li style=\"font-weight: 400;\" aria-level=\"1\"><b>Mythe :<\/b><span style=\"font-weight: 400;\"> la d\u00e9ficience intellectuelle est caus\u00e9e par un mauvais encadrement parental.<\/span><span style=\"font-weight: 400;\"><br \/>\n<\/span><b>R\u00e9alit\u00e9 :<\/b><span style=\"font-weight: 400;\"> il s\u2019agit d\u2019un trouble du d\u00e9veloppement intellectuel d\u2019origine biologique ou g\u00e9n\u00e9tique. Les pratiques parentales ne sont pas en cause.<\/span><\/li>\n<li style=\"font-weight: 400;\" aria-level=\"1\"><b>Mythe :<\/b><span style=\"font-weight: 400;\"> ces personnes ne pourront jamais travailler ni vivre de fa\u00e7on autonome.<\/span><span style=\"font-weight: 400;\"><br \/>\n<\/span><b>R\u00e9alit\u00e9 :<\/b><span style=\"font-weight: 400;\"> de nombreux adultes ayant une d\u00e9ficience intellectuelle l\u00e9g\u00e8re occupent un emploi et vivent de mani\u00e8re partiellement ou totalement ind\u00e9pendante, avec un niveau de soutien adapt\u00e9.<\/span><\/li>\n<li style=\"font-weight: 400;\" aria-level=\"1\"><b>Mythe :<\/b><span style=\"font-weight: 400;\"> la d\u00e9ficience intellectuelle est tr\u00e8s rare.<\/span><span style=\"font-weight: 400;\"><br \/>\n<\/span><b>R\u00e9alit\u00e9 :<\/b><span style=\"font-weight: 400;\"> elle touche environ 1 \u00e0 2 % de la population, ce qui en fait une condition relativement fr\u00e9quente.<\/span><\/li>\n<li style=\"font-weight: 400;\" aria-level=\"1\"><b>Mythe :<\/b><span style=\"font-weight: 400;\"> il existe un traitement ou une solution qui permet de faire dispara\u00eetre la condition.<\/span><span style=\"font-weight: 400;\"><br \/>\n<\/span><b>R\u00e9alit\u00e9 :<\/b><span style=\"font-weight: 400;\"> il n\u2019existe pas de cure. Toutefois, l\u2019apprentissage, l\u2019autonomie et la r\u00e9ussite fonctionnelle peuvent progresser de fa\u00e7on significative gr\u00e2ce \u00e0 un soutien coh\u00e9rent et \u00e0 des attentes r\u00e9alistes.<\/span><\/li>\n<li style=\"font-weight: 400;\" aria-level=\"1\"><b>Mythe :<\/b><span style=\"font-weight: 400;\"> les enfants ayant une d\u00e9ficience intellectuelle l\u00e9g\u00e8re ne peuvent pas fr\u00e9quenter l\u2019\u00e9cole r\u00e9guli\u00e8re.<\/span><span style=\"font-weight: 400;\"><br \/>\n<\/span><b>R\u00e9alit\u00e9 :<\/b><span style=\"font-weight: 400;\"> plusieurs peuvent \u00eatre int\u00e9gr\u00e9s en classe ordinaire avec des accommodements appropri\u00e9s.<\/span><\/li>\n<\/ul>\n<p><span style=\"font-weight: 400;\">Les donn\u00e9es montrent que l\u2019identification pr\u00e9coce et la continuit\u00e9 du soutien \u00e9ducatif ont un impact important sur le d\u00e9veloppement des comp\u00e9tences. Les personnes pr\u00e9sentant une d\u00e9ficience intellectuelle l\u00e9g\u00e8re \u00e9voluent tout au long de leur vie et peuvent d\u00e9velopper un niveau d\u2019ind\u00e9pendance significatif.<\/span><\/p>\n<h2><span style=\"font-weight: 400;\">Soutien des aidants et impact familial<\/span><\/h2>\n<p><span style=\"font-weight: 400;\">Recevoir un diagnostic de d\u00e9ficience intellectuelle l\u00e9g\u00e8re repr\u00e9sente une \u00e9tape marquante pour la famille. Les r\u00e9actions \u00e9motionnelles varient et peuvent inclure un sentiment de choc, de tristesse, de d\u00e9ni ou, pour certains, un soulagement d\u2019avoir enfin des r\u00e9ponses claires. Une p\u00e9riode d\u2019ajustement est souvent n\u00e9cessaire.<\/span><\/p>\n<p><span style=\"font-weight: 400;\">Au quotidien, les aidants peuvent ressentir une charge importante li\u00e9e aux besoins constants de soutien, \u00e0 la coordination des services et aux d\u00e9marches administratives. Cette r\u00e9alit\u00e9 peut entra\u00eener de la fatigue, un isolement social et des difficult\u00e9s \u00e0 trouver des ressources de r\u00e9pit adapt\u00e9es.<\/span><\/p>\n<p><span style=\"font-weight: 400;\">La dynamique familiale peut \u00e9galement \u00eatre affect\u00e9e. Les fr\u00e8res et s\u0153urs peuvent percevoir un d\u00e9s\u00e9quilibre de l\u2019attention ou se voir attribuer un r\u00f4le d\u2019aide accru. Au sein du couple parental, les d\u00e9cisions concernant l\u2019\u00e9ducation, les finances ou l\u2019organisation des services peuvent devenir des sources de tension.<\/span><\/p>\n<p><span style=\"font-weight: 400;\">Lorsque le stress persiste, certains signes de surcharge peuvent appara\u00eetre chez les aidants, comme l\u2019anxi\u00e9t\u00e9, des sympt\u00f4mes d\u00e9pressifs, une diminution de la sant\u00e9 physique ou la perte de rep\u00e8res personnels en dehors du r\u00f4le de proche aidant. Ces \u00e9l\u00e9ments m\u00e9ritent une attention particuli\u00e8re.<\/span><\/p>\n<p><span style=\"font-weight: 400;\">Le bien-\u00eatre des aidants est \u00e9troitement li\u00e9 \u00e0 celui de la personne pr\u00e9sentant une d\u00e9ficience intellectuelle. Reconna\u00eetre ses propres limites et acc\u00e9der \u00e0 des ressources de soutien contribuent \u00e0 un environnement plus stable et favorable au d\u00e9veloppement.<\/span><\/p>\n<p><span style=\"font-weight: 400;\">Des groupes de soutien, des services de r\u00e9pit, des ressources communautaires et une planification \u00e0 long terme, notamment en vue de l\u2019\u00e2ge adulte, peuvent aider les familles \u00e0 traverser les diff\u00e9rentes \u00e9tapes. L\u2019approche de La Centam tient compte de cette r\u00e9alit\u00e9 familiale globale, en offrant une \u00e9valuation et une documentation qui soutiennent la compr\u00e9hension, l\u2019orientation et la prise de d\u00e9cisions \u00e9clair\u00e9es.<\/span><\/p>\n<h2><span style=\"font-weight: 400;\">Pr\u00e9paration \u00e0 l\u2019\u00e2ge adulte et transition vers l\u2019ind\u00e9pendance<\/span><\/h2>\n<p><span style=\"font-weight: 400;\">La pr\u00e9paration \u00e0 l\u2019\u00e2ge adulte constitue une \u00e9tape d\u00e9terminante pour les adolescents pr\u00e9sentant une d\u00e9ficience intellectuelle l\u00e9g\u00e8re. Cette transition gagne \u00e0 \u00eatre amorc\u00e9e d\u00e8s l\u2019adolescence, souvent autour de 14 ans, afin de soutenir progressivement l\u2019autonomie et l\u2019ind\u00e9pendance \u00e0 l\u2019\u00e2ge adulte.<\/span><\/p>\n<p><span style=\"font-weight: 400;\">La planification de la transition permet d\u2019anticiper les r\u00f4les et responsabilit\u00e9s associ\u00e9s \u00e0 l\u2019\u00e2ge adulte. Sur le plan scolaire, elle marque le passage des services \u00e9ducatifs vers des services pour adultes, tels que la formation professionnelle, les programmes d\u2019insertion socioprofessionnelle ou l\u2019emploi avec soutien. Cette p\u00e9riode n\u00e9cessite une coordination \u00e9troite entre l\u2019\u00e9cole, la famille et les ressources communautaires.<\/span><\/p>\n<p><span style=\"font-weight: 400;\">Le d\u00e9veloppement des habilet\u00e9s de vie quotidienne occupe une place centrale. La gestion d\u2019un budget simple, l\u2019utilisation des services bancaires de base, la pr\u00e9paration de repas, l\u2019entretien du domicile, la s\u00e9curit\u00e9 personnelle et la gestion des relations sociales font partie des comp\u00e9tences \u00e0 travailler de fa\u00e7on graduelle et concr\u00e8te.<\/span><\/p>\n<p><span style=\"font-weight: 400;\">En mati\u00e8re d\u2019emploi, plusieurs parcours sont possibles. Certaines personnes b\u00e9n\u00e9ficient de programmes d\u2019emploi avec soutien ou de coaching en milieu de travail. D\u2019autres s\u2019orientent vers des milieux de travail prot\u00e9g\u00e9s ou vers un emploi r\u00e9gulier avec des accommodements. Le choix d\u00e9pend du profil cognitif, des int\u00e9r\u00eats et du niveau d\u2019autonomie.<\/span><\/p>\n<p><span style=\"font-weight: 400;\">Les options r\u00e9sidentielles varient \u00e9galement, allant du maintien au domicile familial \u00e0 des milieux de vie supervis\u00e9s, \u00e0 des appartements semi-ind\u00e9pendants ou \u00e0 des ressources collectives. L\u2019int\u00e9gration sociale, par la participation \u00e0 des activit\u00e9s communautaires, de loisirs ou de b\u00e9n\u00e9volat, contribue au maintien des relations et du sentiment d\u2019appartenance.<\/span><\/p>\n<p><span style=\"font-weight: 400;\">Enfin, certaines consid\u00e9rations l\u00e9gales peuvent \u00e9merger \u00e0 l\u2019\u00e2ge adulte, comme les mesures de repr\u00e9sentation, la prise de d\u00e9cisions \u00e9clair\u00e9es et la protection des droits. La gestion de la sant\u00e9 demeure aussi importante, notamment pour assurer le suivi des conditions associ\u00e9es et l\u2019adaptation aux besoins changeants avec l\u2019\u00e2ge.<\/span><\/p>\n<h2><span style=\"font-weight: 400;\">Foire aux questions<\/span><\/h2>\n<h3><b>\u00c0 quel \u00e2ge peut-on diagnostiquer la d\u00e9ficience intellectuelle l\u00e9g\u00e8re ?<\/b><\/h3>\n<p>Le diagnostic de la d\u00e9ficience intellectuelle l\u00e9g\u00e8re est g\u00e9n\u00e9ralement consid\u00e9r\u00e9 comme plus fiable \u00e0 partir de l\u2019\u00e2ge de six ou sept ans. \u00c0 cet \u00e2ge, le d\u00e9veloppement cognitif et scolaire permet une \u00e9valuation plus stable du fonctionnement intellectuel et du comportement adaptatif, dans le cadre d\u2019un trouble du d\u00e9veloppement intellectuel. Avant cet \u00e2ge, lorsque des retards importants sont observ\u00e9s, les professionnels utilisent parfois le terme <i>retard global de d\u00e9veloppement<\/i>, qui refl\u00e8te des difficult\u00e9s significatives sans conclure d\u00e9finitivement. Cette prudence s\u2019explique par le fait que les capacit\u00e9s intellectuelles peuvent \u00e9voluer rapidement durant la petite enfance. Toutefois, la pr\u00e9sence de signes pr\u00e9coces justifie une \u00e9valuation et un soutien adapt\u00e9s, m\u00eame en l\u2019absence d\u2019un diagnostic formel de trouble du d\u00e9veloppement intellectuel.<\/p>\n<h3><b>Quelle est la diff\u00e9rence entre d\u00e9ficience intellectuelle l\u00e9g\u00e8re et mod\u00e9r\u00e9e ?<\/b><\/h3>\n<p>La diff\u00e9rence entre la d\u00e9ficience intellectuelle l\u00e9g\u00e8re et mod\u00e9r\u00e9e repose principalement sur le niveau de s\u00e9v\u00e9rit\u00e9 et les besoins de soutien. Sur le plan du quotient intellectuel, la forme l\u00e9g\u00e8re se situe g\u00e9n\u00e9ralement entre 50 et 69, tandis que la forme mod\u00e9r\u00e9e se situe entre 35 et 49. Les personnes pr\u00e9sentant une d\u00e9ficience intellectuelle l\u00e9g\u00e8re n\u00e9cessitent souvent un soutien intermittent ou limit\u00e9 et peuvent d\u00e9velopper une autonomie fonctionnelle plus \u00e9tendue. En revanche, la forme de d\u00e9ficience intellectuelle mod\u00e9r\u00e9e implique des limitations plus marqu\u00e9es du comportement adaptatif et un besoin de soutien plus constant dans la vie quotidienne, l\u2019apprentissage et l\u2019int\u00e9gration communautaire.<\/p>\n<h3><b>Mon enfant a re\u00e7u un diagnostic de d\u00e9ficience intellectuelle l\u00e9g\u00e8re. Par o\u00f9 commencer ?<\/b><\/h3>\n<p><span style=\"font-weight: 400;\">Apr\u00e8s un diagnostic de d\u00e9ficience intellectuelle l\u00e9g\u00e8re, la premi\u00e8re \u00e9tape consiste \u00e0 prendre le temps de comprendre les r\u00e9sultats de l\u2019\u00e9valuation et les causes identifi\u00e9es ou suspect\u00e9es de la d\u00e9ficience intellectuelle. Il est recommand\u00e9 de discuter du rapport avec le professionnel afin de bien cerner les forces, les d\u00e9fis et les recommandations. Ensuite, le partage de la documentation avec l\u2019\u00e9cole permet de planifier les accommodements et le soutien \u00e9ducatif appropri\u00e9. Les familles peuvent aussi \u00eatre orient\u00e9es vers des ressources du r\u00e9seau public, comme le CLSC, pour explorer l\u2019acc\u00e8s \u00e0 des services sp\u00e9cialis\u00e9s li\u00e9s aux d\u00e9ficiences intellectuelles, aux causes et aux besoins associ\u00e9s. Enfin, le recours \u00e0 des groupes de soutien et une r\u00e9flexion pr\u00e9coce sur le parcours \u00e9ducatif et d\u00e9veloppemental contribuent \u00e0 une d\u00e9marche structur\u00e9e.<\/span><\/p>\n<h3><b>La d\u00e9ficience intellectuelle l\u00e9g\u00e8re peut-elle s\u2019am\u00e9liorer ou dispara\u00eetre avec le temps ?<\/b><\/h3>\n<p>La d\u00e9ficience intellectuelle l\u00e9g\u00e8re est une condition permanente et ne dispara\u00eet pas avec le temps, m\u00eame lorsqu\u2019elle s\u2019inscrit dans un trouble du d\u00e9veloppement intellectuel. Toutefois, cela ne signifie pas que les capacit\u00e9s demeurent statiques. Avec un encadrement \u00e9ducatif appropri\u00e9, un environnement stimulant et un soutien coh\u00e9rent, les comp\u00e9tences en apprentissage, en autonomie et en adaptation peuvent s\u2019am\u00e9liorer de mani\u00e8re notable. Les besoins de soutien peuvent ainsi diminuer \u00e0 mesure que les habilet\u00e9s se consolident. Le pronostic d\u00e9pend de plusieurs facteurs, dont la qualit\u00e9 de l\u2019accompagnement, la constance des interventions \u00e9ducatives et le contexte familial propre au trouble du d\u00e9veloppement intellectuel. De nombreux adultes d\u00e9veloppent un bon niveau de fonctionnement dans plusieurs sph\u00e8res de la vie.<\/p>\n<h3><b>Y a-t-il des comorbidit\u00e9s fr\u00e9quentes avec la d\u00e9ficience intellectuelle l\u00e9g\u00e8re ?<\/b><\/h3>\n<p><span style=\"font-weight: 400;\">La d\u00e9ficience intellectuelle l\u00e9g\u00e8re peut coexister avec d\u2019autres conditions, appel\u00e9es comorbidit\u00e9s, dans le cadre de certaines causes de d\u00e9ficience intellectuelle ou de profils d\u00e9veloppementaux complexes. Il est fr\u00e9quent d\u2019observer des associations avec un trouble du spectre de l\u2019autisme, le TDAH, des troubles sp\u00e9cifiques des apprentissages comme la dyslexie, des troubles du langage ou l\u2019\u00e9pilepsie. Environ 40 \u00e0 50 % des personnes pr\u00e9sentant un trouble du d\u00e9veloppement intellectuel pr\u00e9senteraient au moins une condition associ\u00e9e li\u00e9e aux causes de la d\u00e9ficience intellectuelle. La pr\u00e9sence de comorbidit\u00e9s influence la pr\u00e9sentation des difficult\u00e9s et les besoins de soutien, ce qui rend essentielle une \u00e9valuation globale et rigoureuse afin d\u2019orienter ad\u00e9quatement les d\u00e9marches \u00e9ducatives, cliniques et administratives.<\/span><\/p>\n","protected":false},"excerpt":{"rendered":"<p>Comprendre la d\u00e9ficience intellectuelle l\u00e9g\u00e8re peut soulever de nombreuses questions pour les parents, les proches et les intervenants scolaires. Souvent associ\u00e9e \u00e0 des difficult\u00e9s d\u2019apprentissage ou \u00e0 un retard de d\u00e9veloppement, cette condition neurod\u00e9veloppementale influence le fonctionnement intellectuel et le comportement adaptatif au quotidien. Cet article vise \u00e0 pr\u00e9senter une information claire et structur\u00e9e sur [&hellip;]<\/p>\n","protected":false},"author":8,"featured_media":19591,"comment_status":"closed","ping_status":"closed","sticky":false,"template":"","format":"standard","meta":{"_acf_changed":false,"site-sidebar-layout":"default","site-content-layout":"","ast-site-content-layout":"default","site-content-style":"default","site-sidebar-style":"default","ast-global-header-display":"","ast-banner-title-visibility":"","ast-main-header-display":"","ast-hfb-above-header-display":"","ast-hfb-below-header-display":"","ast-hfb-mobile-header-display":"","site-post-title":"","ast-breadcrumbs-content":"","ast-featured-img":"","footer-sml-layout":"","theme-transparent-header-meta":"default","adv-header-id-meta":"","stick-header-meta":"default","header-above-stick-meta":"","header-main-stick-meta":"","header-below-stick-meta":"","astra-migrate-meta-layouts":"set","ast-page-background-enabled":"default","ast-page-background-meta":{"desktop":{"background-color":"var(--ast-global-color-4)","background-image":"","background-repeat":"repeat","background-position":"center center","background-size":"auto","background-attachment":"scroll","background-type":"","background-media":"","overlay-type":"","overlay-color":"","overlay-opacity":"","overlay-gradient":""},"tablet":{"background-color":"","background-image":"","background-repeat":"repeat","background-position":"center center","background-size":"auto","background-attachment":"scroll","background-type":"","background-media":"","overlay-type":"","overlay-color":"","overlay-opacity":"","overlay-gradient":""},"mobile":{"background-color":"","background-image":"","background-repeat":"repeat","background-position":"center center","background-size":"auto","background-attachment":"scroll","background-type":"","background-media":"","overlay-type":"","overlay-color":"","overlay-opacity":"","overlay-gradient":""}},"ast-content-background-meta":{"desktop":{"background-color":"var(--ast-global-color-5)","background-image":"","background-repeat":"repeat","background-position":"center center","background-size":"auto","background-attachment":"scroll","background-type":"","background-media":"","overlay-type":"","overlay-color":"","overlay-opacity":"","overlay-gradient":""},"tablet":{"background-color":"var(--ast-global-color-5)","background-image":"","background-repeat":"repeat","background-position":"center center","background-size":"auto","background-attachment":"scroll","background-type":"","background-media":"","overlay-type":"","overlay-color":"","overlay-opacity":"","overlay-gradient":""},"mobile":{"background-color":"var(--ast-global-color-5)","background-image":"","background-repeat":"repeat","background-position":"center center","background-size":"auto","background-attachment":"scroll","background-type":"","background-media":"","overlay-type":"","overlay-color":"","overlay-opacity":"","overlay-gradient":""}},"footnotes":""},"categories":[171],"tags":[],"class_list":["post-19590","post","type-post","status-publish","format-standard","has-post-thumbnail","hentry","category-practical-tips"],"acf":[],"yoast_head":"<!-- This site is optimized with the Yoast SEO plugin v26.2 - https:\/\/yoast.com\/wordpress\/plugins\/seo\/ -->\n<title>La d\u00e9ficience intellectuelle l\u00e9g\u00e8re sympt\u00f4mes vie | Centam<\/title>\n<meta name=\"description\" content=\"Comprendre la d\u00e9ficience intellectuelle l\u00e9g\u00e8re, ses sympt\u00f4mes et ses impacts sur la vie quotidienne afin d\u2019orienter les familles vers une \u00e9valuation adapt\u00e9e.\" \/>\n<meta name=\"robots\" content=\"index, follow, max-snippet:-1, max-image-preview:large, max-video-preview:-1\" \/>\n<link rel=\"canonical\" href=\"https:\/\/centam.ca\/en\/la-deficience-intellectuelle-legere-symptomes-et-vie-quotidienne\/\" \/>\n<meta property=\"og:locale\" content=\"en_US\" \/>\n<meta property=\"og:type\" content=\"article\" \/>\n<meta property=\"og:title\" content=\"La d\u00e9ficience intellectuelle l\u00e9g\u00e8re sympt\u00f4mes vie | Centam\" \/>\n<meta property=\"og:description\" content=\"Comprendre la d\u00e9ficience intellectuelle l\u00e9g\u00e8re, ses sympt\u00f4mes et ses impacts sur la vie quotidienne afin d\u2019orienter les familles vers une \u00e9valuation adapt\u00e9e.\" \/>\n<meta property=\"og:url\" content=\"https:\/\/centam.ca\/en\/la-deficience-intellectuelle-legere-symptomes-et-vie-quotidienne\/\" \/>\n<meta property=\"og:site_name\" content=\"CENTAM\" \/>\n<meta property=\"article:published_time\" content=\"2026-02-19T13:08:44+00:00\" \/>\n<meta property=\"article:modified_time\" content=\"2026-02-19T13:12:50+00:00\" \/>\n<meta property=\"og:image\" content=\"https:\/\/centam.ca\/wp-content\/uploads\/2026\/02\/2148518127.jpg\" \/>\n\t<meta property=\"og:image:width\" content=\"2000\" \/>\n\t<meta property=\"og:image:height\" content=\"1500\" \/>\n\t<meta property=\"og:image:type\" content=\"image\/jpeg\" \/>\n<meta name=\"author\" content=\"dev@growth-hacker.ca\" \/>\n<meta name=\"twitter:card\" content=\"summary_large_image\" \/>\n<meta name=\"twitter:label1\" content=\"Written by\" \/>\n\t<meta name=\"twitter:data1\" content=\"dev@growth-hacker.ca\" \/>\n\t<meta name=\"twitter:label2\" content=\"Est. reading time\" \/>\n\t<meta name=\"twitter:data2\" content=\"23 minutes\" \/>\n<!-- \/ Yoast SEO plugin. -->","yoast_head_json":{"title":"La d\u00e9ficience intellectuelle l\u00e9g\u00e8re sympt\u00f4mes vie | Centam","description":"Comprendre la d\u00e9ficience intellectuelle l\u00e9g\u00e8re, ses sympt\u00f4mes et ses impacts sur la vie quotidienne afin d\u2019orienter les familles vers une \u00e9valuation adapt\u00e9e.","robots":{"index":"index","follow":"follow","max-snippet":"max-snippet:-1","max-image-preview":"max-image-preview:large","max-video-preview":"max-video-preview:-1"},"canonical":"https:\/\/centam.ca\/en\/la-deficience-intellectuelle-legere-symptomes-et-vie-quotidienne\/","og_locale":"en_US","og_type":"article","og_title":"La d\u00e9ficience intellectuelle l\u00e9g\u00e8re sympt\u00f4mes vie | Centam","og_description":"Comprendre la d\u00e9ficience intellectuelle l\u00e9g\u00e8re, ses sympt\u00f4mes et ses impacts sur la vie quotidienne afin d\u2019orienter les familles vers une \u00e9valuation adapt\u00e9e.","og_url":"https:\/\/centam.ca\/en\/la-deficience-intellectuelle-legere-symptomes-et-vie-quotidienne\/","og_site_name":"CENTAM","article_published_time":"2026-02-19T13:08:44+00:00","article_modified_time":"2026-02-19T13:12:50+00:00","og_image":[{"width":2000,"height":1500,"url":"https:\/\/centam.ca\/wp-content\/uploads\/2026\/02\/2148518127.jpg","type":"image\/jpeg"}],"author":"dev@growth-hacker.ca","twitter_card":"summary_large_image","twitter_misc":{"Written by":"dev@growth-hacker.ca","Est. reading time":"23 minutes"},"schema":{"@context":"https:\/\/schema.org","@graph":[{"@type":"Article","@id":"https:\/\/centam.ca\/en\/la-deficience-intellectuelle-legere-symptomes-et-vie-quotidienne\/#article","isPartOf":{"@id":"https:\/\/centam.ca\/en\/la-deficience-intellectuelle-legere-symptomes-et-vie-quotidienne\/"},"author":{"name":"dev@growth-hacker.ca","@id":"https:\/\/centam.ca\/en\/#\/schema\/person\/f33c6bc28092e542b533bbf1ffb7016a"},"headline":"La d\u00e9ficience intellectuelle l\u00e9g\u00e8re : sympt\u00f4mes et vie quotidienne","datePublished":"2026-02-19T13:08:44+00:00","dateModified":"2026-02-19T13:12:50+00:00","mainEntityOfPage":{"@id":"https:\/\/centam.ca\/en\/la-deficience-intellectuelle-legere-symptomes-et-vie-quotidienne\/"},"wordCount":5178,"publisher":{"@id":"https:\/\/centam.ca\/en\/#organization"},"image":{"@id":"https:\/\/centam.ca\/en\/la-deficience-intellectuelle-legere-symptomes-et-vie-quotidienne\/#primaryimage"},"thumbnailUrl":"https:\/\/centam.ca\/wp-content\/uploads\/2026\/02\/2148518127.jpg","articleSection":["Practical tips"],"inLanguage":"en-US"},{"@type":"WebPage","@id":"https:\/\/centam.ca\/en\/la-deficience-intellectuelle-legere-symptomes-et-vie-quotidienne\/","url":"https:\/\/centam.ca\/en\/la-deficience-intellectuelle-legere-symptomes-et-vie-quotidienne\/","name":"La d\u00e9ficience intellectuelle l\u00e9g\u00e8re sympt\u00f4mes vie | Centam","isPartOf":{"@id":"https:\/\/centam.ca\/en\/#website"},"primaryImageOfPage":{"@id":"https:\/\/centam.ca\/en\/la-deficience-intellectuelle-legere-symptomes-et-vie-quotidienne\/#primaryimage"},"image":{"@id":"https:\/\/centam.ca\/en\/la-deficience-intellectuelle-legere-symptomes-et-vie-quotidienne\/#primaryimage"},"thumbnailUrl":"https:\/\/centam.ca\/wp-content\/uploads\/2026\/02\/2148518127.jpg","datePublished":"2026-02-19T13:08:44+00:00","dateModified":"2026-02-19T13:12:50+00:00","description":"Comprendre la d\u00e9ficience intellectuelle l\u00e9g\u00e8re, ses sympt\u00f4mes et ses impacts sur la vie quotidienne afin d\u2019orienter les familles vers une \u00e9valuation adapt\u00e9e.","inLanguage":"en-US","potentialAction":[{"@type":"ReadAction","target":["https:\/\/centam.ca\/en\/la-deficience-intellectuelle-legere-symptomes-et-vie-quotidienne\/"]}]},{"@type":"ImageObject","inLanguage":"en-US","@id":"https:\/\/centam.ca\/en\/la-deficience-intellectuelle-legere-symptomes-et-vie-quotidienne\/#primaryimage","url":"https:\/\/centam.ca\/wp-content\/uploads\/2026\/02\/2148518127.jpg","contentUrl":"https:\/\/centam.ca\/wp-content\/uploads\/2026\/02\/2148518127.jpg","width":2000,"height":1500,"caption":"Enfant jouant avec un jeu \u00e9ducatif de chimie \u00e0 l\u2019\u00e9cole, illustrant l\u2019apprentissage scolaire et le d\u00e9veloppement cognitif en classe."},{"@type":"WebSite","@id":"https:\/\/centam.ca\/en\/#website","url":"https:\/\/centam.ca\/en\/","name":"Clinique d'\u00e9valuation neuropsychologique et des troubles d'apprentissage de Montr\u00e9al","description":"Clinique d&#039;\u00e9valuation neuropsychologique et des troubles d&#039;apprentissage de Montr\u00e9al","publisher":{"@id":"https:\/\/centam.ca\/en\/#organization"},"alternateName":"CENTAM","potentialAction":[{"@type":"SearchAction","target":{"@type":"EntryPoint","urlTemplate":"https:\/\/centam.ca\/en\/?s={search_term_string}"},"query-input":{"@type":"PropertyValueSpecification","valueRequired":true,"valueName":"search_term_string"}}],"inLanguage":"en-US"},{"@type":"Organization","@id":"https:\/\/centam.ca\/en\/#organization","name":"CENTAM","url":"https:\/\/centam.ca\/en\/","logo":{"@type":"ImageObject","inLanguage":"en-US","@id":"https:\/\/centam.ca\/en\/#\/schema\/logo\/image\/","url":"https:\/\/centam.ca\/wp-content\/uploads\/2025\/02\/logo_centam.png","contentUrl":"https:\/\/centam.ca\/wp-content\/uploads\/2025\/02\/logo_centam.png","width":1000,"height":310,"caption":"CENTAM"},"image":{"@id":"https:\/\/centam.ca\/en\/#\/schema\/logo\/image\/"}},{"@type":"Person","@id":"https:\/\/centam.ca\/en\/#\/schema\/person\/f33c6bc28092e542b533bbf1ffb7016a","name":"dev@growth-hacker.ca","image":{"@type":"ImageObject","inLanguage":"en-US","@id":"https:\/\/centam.ca\/en\/#\/schema\/person\/image\/","url":"https:\/\/secure.gravatar.com\/avatar\/43fdc65fd26d7c4c26ace211aa937188f1ef0a7d8ca2ab7de80d3ff581396b41?s=96&d=mm&r=g","contentUrl":"https:\/\/secure.gravatar.com\/avatar\/43fdc65fd26d7c4c26ace211aa937188f1ef0a7d8ca2ab7de80d3ff581396b41?s=96&d=mm&r=g","caption":"dev@growth-hacker.ca"},"sameAs":["http:\/\/centam.ca"],"url":"https:\/\/centam.ca\/en\/author\/devgrowth-hacker-ca\/"}]}},"_links":{"self":[{"href":"https:\/\/centam.ca\/en\/wp-json\/wp\/v2\/posts\/19590","targetHints":{"allow":["GET"]}}],"collection":[{"href":"https:\/\/centam.ca\/en\/wp-json\/wp\/v2\/posts"}],"about":[{"href":"https:\/\/centam.ca\/en\/wp-json\/wp\/v2\/types\/post"}],"author":[{"embeddable":true,"href":"https:\/\/centam.ca\/en\/wp-json\/wp\/v2\/users\/8"}],"replies":[{"embeddable":true,"href":"https:\/\/centam.ca\/en\/wp-json\/wp\/v2\/comments?post=19590"}],"version-history":[{"count":4,"href":"https:\/\/centam.ca\/en\/wp-json\/wp\/v2\/posts\/19590\/revisions"}],"predecessor-version":[{"id":19596,"href":"https:\/\/centam.ca\/en\/wp-json\/wp\/v2\/posts\/19590\/revisions\/19596"}],"wp:featuredmedia":[{"embeddable":true,"href":"https:\/\/centam.ca\/en\/wp-json\/wp\/v2\/media\/19591"}],"wp:attachment":[{"href":"https:\/\/centam.ca\/en\/wp-json\/wp\/v2\/media?parent=19590"}],"wp:term":[{"taxonomy":"category","embeddable":true,"href":"https:\/\/centam.ca\/en\/wp-json\/wp\/v2\/categories?post=19590"},{"taxonomy":"post_tag","embeddable":true,"href":"https:\/\/centam.ca\/en\/wp-json\/wp\/v2\/tags?post=19590"}],"curies":[{"name":"wp","href":"https:\/\/api.w.org\/{rel}","templated":true}]}}